{"id":78,"date":"2023-08-07T23:11:05","date_gmt":"2023-08-08T02:11:05","guid":{"rendered":"https:\/\/www.artifices.com.br\/wrebello\/?p=78"},"modified":"2023-09-21T11:43:30","modified_gmt":"2023-09-21T14:43:30","slug":"lama-em-brumadinho-aguas-no-rio-e-fogo-no-ninho-do-urubu","status":"publish","type":"post","link":"https:\/\/www.wrebello.adv.br\/index.php\/2023\/08\/07\/lama-em-brumadinho-aguas-no-rio-e-fogo-no-ninho-do-urubu\/","title":{"rendered":"Lama em Brumadinho, \u00e1guas no Rio e fogo no Ninho do Urubu!"},"content":{"rendered":"\n<p>2019 me assusta! Lama, \u00e1gua e fogo, todos matando. Estou chocado! Extraio deste in\u00edcio de ano uma reflex\u00e3o para a minha pr\u00f3pria vida. As cenas s\u00e3o muito tristes, mas nelas posso ver muitas outras coisas al\u00e9m dos momentos comoventes e das mortes prematuras.<\/p>\n\n\n\n<p>Chamam a minha aten\u00e7\u00e3o a gan\u00e2ncia, a indiferen\u00e7a do poder p\u00fablico e a neglig\u00eancia que envolvem os fatos lament\u00e1veis. E eu n\u00e3o tenho um Deus dogm\u00e1tico, nem uma f\u00e9 escrita, nem nada em que possa me agarrar para espantar a indigna\u00e7\u00e3o e a dor que me afligem. Eu tenho apenas um cora\u00e7\u00e3o j\u00e1 sofrido e um pouco mais de vida para viver, sem qualquer apoio celestial que me conforte e alivie.<\/p>\n\n\n\n<p>Aprendi recentemente que rezar \u00e9 bom, embora n\u00e3o o fa\u00e7a, mas que lutar \u00e9 preciso! A indigna\u00e7\u00e3o e a dor permanentes se alimentam apenas dos que se entregam, mas nada podem contra aqueles que t\u00eam vontade de lutar contra as injusti\u00e7as, as m\u00e1s a\u00e7\u00f5es e as omiss\u00f5es.<\/p>\n\n\n\n<p>Alerto com este texto todos os que s\u00f3 tiram proveito da vida, mas que n\u00e3o fazem nada; e alerto todos os que s\u00f3 rezam pelas v\u00edtimas, mas que tamb\u00e9m n\u00e3o fazem nada, e lhes dou um aviso: sem luta feroz contra as injusti\u00e7as, contra as desigualdades e contra a corrup\u00e7\u00e3o, um dia a lama, a \u00e1gua e o fogo tamb\u00e9m v\u00e3o te pegar!<\/p>\n\n\n\n<p>Em tempo: d\u00e1 nojo quando jornalistas e rep\u00f3rteres, no meio da desgra\u00e7a, fazem quest\u00e3o de ressaltar que esta ou aquela not\u00edcia est\u00e1 sendo dada com &#8220;exclusividade&#8221;. Mesmo com adolescentes mortos pelas chamas e com gente enterrada na lama, eles se preocupam em &#8220;disputar exclusividade&#8221; com jornalistas e rep\u00f3rteres de outras emissoras. Acho que estes n\u00e3o est\u00e3o nem a\u00ed pra ningu\u00e9m, que \u00e9 s\u00f3 pela not\u00edcia mesmo! Quem sabe ele(a) n\u00e3o ganha um pr\u00eamio!<\/p>\n\n\n\n<p><strong>Wanderley Rebello Filho \u2013<\/strong><\/p>\n\n\n\n<p><strong>Advogado&nbsp;e Conselheiro&nbsp;da&nbsp;OAB\/RJ.<\/strong><\/p>\n","protected":false},"excerpt":{"rendered":"<p>Reflex\u00e3o sobre a trag\u00e9dia no CT do Flamengo<\/p>\n","protected":false},"author":1,"featured_media":381,"comment_status":"open","ping_status":"open","sticky":false,"template":"","format":"standard","meta":{"jetpack_post_was_ever_published":false,"_jetpack_newsletter_access":"","_jetpack_dont_email_post_to_subs":false,"_jetpack_newsletter_tier_id":0,"_jetpack_memberships_contains_paywalled_content":false,"_jetpack_memberships_contains_paid_content":false,"footnotes":""},"categories":[1],"tags":[19,17],"class_list":["post-78","post","type-post","status-publish","format-standard","has-post-thumbnail","hentry","category-sem-categoria","tag-flamengo","tag-reflexao"],"yoast_head":"<!-- This site is optimized with the Yoast SEO plugin v27.3 - https:\/\/yoast.com\/product\/yoast-seo-wordpress\/ -->\n<title>Lama em Brumadinho, \u00e1guas no Rio e fogo no Ninho do Urubu! - WRF Advogados<\/title>\n<meta name=\"robots\" content=\"index, follow, max-snippet:-1, max-image-preview:large, max-video-preview:-1\" \/>\n<link rel=\"canonical\" href=\"https:\/\/www.wrebello.adv.br\/index.php\/2023\/08\/07\/lama-em-brumadinho-aguas-no-rio-e-fogo-no-ninho-do-urubu\/\" \/>\n<meta property=\"og:locale\" content=\"pt_BR\" \/>\n<meta property=\"og:type\" content=\"article\" \/>\n<meta property=\"og:title\" content=\"Lama em Brumadinho, \u00e1guas no Rio e fogo no Ninho do Urubu! - WRF Advogados\" \/>\n<meta property=\"og:description\" content=\"Reflex\u00e3o sobre a trag\u00e9dia no CT do Flamengo\" \/>\n<meta property=\"og:url\" content=\"https:\/\/www.wrebello.adv.br\/index.php\/2023\/08\/07\/lama-em-brumadinho-aguas-no-rio-e-fogo-no-ninho-do-urubu\/\" \/>\n<meta property=\"og:site_name\" content=\"WRF Advogados\" \/>\n<meta property=\"article:published_time\" content=\"2023-08-08T02:11:05+00:00\" \/>\n<meta property=\"article:modified_time\" content=\"2023-09-21T14:43:30+00:00\" \/>\n<meta property=\"og:image\" content=\"https:\/\/www.wrebello.adv.br\/wp-content\/uploads\/2023\/08\/08fla03.webp\" \/>\n\t<meta property=\"og:image:width\" content=\"984\" \/>\n\t<meta property=\"og:image:height\" content=\"554\" \/>\n\t<meta property=\"og:image:type\" content=\"image\/webp\" \/>\n<meta name=\"author\" content=\"Advogado\" \/>\n<meta name=\"twitter:card\" content=\"summary_large_image\" \/>\n<meta name=\"twitter:label1\" content=\"Escrito por\" \/>\n\t<meta name=\"twitter:data1\" content=\"Advogado\" \/>\n\t<meta name=\"twitter:label2\" content=\"Est. tempo de leitura\" \/>\n\t<meta name=\"twitter:data2\" content=\"2 minutos\" \/>\n<script type=\"application\/ld+json\" class=\"yoast-schema-graph\">{\"@context\":\"https:\\\/\\\/schema.org\",\"@graph\":[{\"@type\":\"Article\",\"@id\":\"https:\\\/\\\/www.wrebello.adv.br\\\/index.php\\\/2023\\\/08\\\/07\\\/lama-em-brumadinho-aguas-no-rio-e-fogo-no-ninho-do-urubu\\\/#article\",\"isPartOf\":{\"@id\":\"https:\\\/\\\/www.wrebello.adv.br\\\/index.php\\\/2023\\\/08\\\/07\\\/lama-em-brumadinho-aguas-no-rio-e-fogo-no-ninho-do-urubu\\\/\"},\"author\":{\"name\":\"Advogado\",\"@id\":\"https:\\\/\\\/www.wrebello.adv.br\\\/#\\\/schema\\\/person\\\/1354a1233f528dee48d7c75916285c15\"},\"headline\":\"Lama em Brumadinho, \u00e1guas no Rio e fogo no Ninho do Urubu!\",\"datePublished\":\"2023-08-08T02:11:05+00:00\",\"dateModified\":\"2023-09-21T14:43:30+00:00\",\"mainEntityOfPage\":{\"@id\":\"https:\\\/\\\/www.wrebello.adv.br\\\/index.php\\\/2023\\\/08\\\/07\\\/lama-em-brumadinho-aguas-no-rio-e-fogo-no-ninho-do-urubu\\\/\"},\"wordCount\":360,\"commentCount\":0,\"publisher\":{\"@id\":\"https:\\\/\\\/www.wrebello.adv.br\\\/#organization\"},\"image\":{\"@id\":\"https:\\\/\\\/www.wrebello.adv.br\\\/index.php\\\/2023\\\/08\\\/07\\\/lama-em-brumadinho-aguas-no-rio-e-fogo-no-ninho-do-urubu\\\/#primaryimage\"},\"thumbnailUrl\":\"https:\\\/\\\/i0.wp.com\\\/www.wrebello.adv.br\\\/wp-content\\\/uploads\\\/2023\\\/08\\\/08fla03.webp?fit=984%2C554&ssl=1\",\"keywords\":[\"Flamengo\",\"Reflex\u00e3o\"],\"inLanguage\":\"pt-BR\",\"potentialAction\":[{\"@type\":\"CommentAction\",\"name\":\"Comment\",\"target\":[\"https:\\\/\\\/www.wrebello.adv.br\\\/index.php\\\/2023\\\/08\\\/07\\\/lama-em-brumadinho-aguas-no-rio-e-fogo-no-ninho-do-urubu\\\/#respond\"]}]},{\"@type\":\"WebPage\",\"@id\":\"https:\\\/\\\/www.wrebello.adv.br\\\/index.php\\\/2023\\\/08\\\/07\\\/lama-em-brumadinho-aguas-no-rio-e-fogo-no-ninho-do-urubu\\\/\",\"url\":\"https:\\\/\\\/www.wrebello.adv.br\\\/index.php\\\/2023\\\/08\\\/07\\\/lama-em-brumadinho-aguas-no-rio-e-fogo-no-ninho-do-urubu\\\/\",\"name\":\"Lama em Brumadinho, \u00e1guas no Rio e fogo no Ninho do Urubu! - WRF Advogados\",\"isPartOf\":{\"@id\":\"https:\\\/\\\/www.wrebello.adv.br\\\/#website\"},\"primaryImageOfPage\":{\"@id\":\"https:\\\/\\\/www.wrebello.adv.br\\\/index.php\\\/2023\\\/08\\\/07\\\/lama-em-brumadinho-aguas-no-rio-e-fogo-no-ninho-do-urubu\\\/#primaryimage\"},\"image\":{\"@id\":\"https:\\\/\\\/www.wrebello.adv.br\\\/index.php\\\/2023\\\/08\\\/07\\\/lama-em-brumadinho-aguas-no-rio-e-fogo-no-ninho-do-urubu\\\/#primaryimage\"},\"thumbnailUrl\":\"https:\\\/\\\/i0.wp.com\\\/www.wrebello.adv.br\\\/wp-content\\\/uploads\\\/2023\\\/08\\\/08fla03.webp?fit=984%2C554&ssl=1\",\"datePublished\":\"2023-08-08T02:11:05+00:00\",\"dateModified\":\"2023-09-21T14:43:30+00:00\",\"breadcrumb\":{\"@id\":\"https:\\\/\\\/www.wrebello.adv.br\\\/index.php\\\/2023\\\/08\\\/07\\\/lama-em-brumadinho-aguas-no-rio-e-fogo-no-ninho-do-urubu\\\/#breadcrumb\"},\"inLanguage\":\"pt-BR\",\"potentialAction\":[{\"@type\":\"ReadAction\",\"target\":[\"https:\\\/\\\/www.wrebello.adv.br\\\/index.php\\\/2023\\\/08\\\/07\\\/lama-em-brumadinho-aguas-no-rio-e-fogo-no-ninho-do-urubu\\\/\"]}]},{\"@type\":\"ImageObject\",\"inLanguage\":\"pt-BR\",\"@id\":\"https:\\\/\\\/www.wrebello.adv.br\\\/index.php\\\/2023\\\/08\\\/07\\\/lama-em-brumadinho-aguas-no-rio-e-fogo-no-ninho-do-urubu\\\/#primaryimage\",\"url\":\"https:\\\/\\\/i0.wp.com\\\/www.wrebello.adv.br\\\/wp-content\\\/uploads\\\/2023\\\/08\\\/08fla03.webp?fit=984%2C554&ssl=1\",\"contentUrl\":\"https:\\\/\\\/i0.wp.com\\\/www.wrebello.adv.br\\\/wp-content\\\/uploads\\\/2023\\\/08\\\/08fla03.webp?fit=984%2C554&ssl=1\",\"width\":984,\"height\":554,\"caption\":\"Instala\u00e7\u00f5es retorcidas pelo fogo no CT do Flamengo \u2014 Foto: Reprodu\u00e7\u00e3o\\\/TV Globo\"},{\"@type\":\"BreadcrumbList\",\"@id\":\"https:\\\/\\\/www.wrebello.adv.br\\\/index.php\\\/2023\\\/08\\\/07\\\/lama-em-brumadinho-aguas-no-rio-e-fogo-no-ninho-do-urubu\\\/#breadcrumb\",\"itemListElement\":[{\"@type\":\"ListItem\",\"position\":1,\"name\":\"In\u00edcio\",\"item\":\"https:\\\/\\\/www.wrebello.adv.br\\\/\"},{\"@type\":\"ListItem\",\"position\":2,\"name\":\"Lama em Brumadinho, \u00e1guas no Rio e fogo no Ninho do Urubu!\"}]},{\"@type\":\"WebSite\",\"@id\":\"https:\\\/\\\/www.wrebello.adv.br\\\/#website\",\"url\":\"https:\\\/\\\/www.wrebello.adv.br\\\/\",\"name\":\"WRF Advogados\",\"description\":\"O Escrit\u00f3rio Wanderley Rebello Filho &amp; Advogados tem experi\u00eancia tanto na \u00e1rea contenciosa, quanto na consultiva.\",\"publisher\":{\"@id\":\"https:\\\/\\\/www.wrebello.adv.br\\\/#organization\"},\"potentialAction\":[{\"@type\":\"SearchAction\",\"target\":{\"@type\":\"EntryPoint\",\"urlTemplate\":\"https:\\\/\\\/www.wrebello.adv.br\\\/?s={search_term_string}\"},\"query-input\":{\"@type\":\"PropertyValueSpecification\",\"valueRequired\":true,\"valueName\":\"search_term_string\"}}],\"inLanguage\":\"pt-BR\"},{\"@type\":\"Organization\",\"@id\":\"https:\\\/\\\/www.wrebello.adv.br\\\/#organization\",\"name\":\"WRF Advogados\",\"url\":\"https:\\\/\\\/www.wrebello.adv.br\\\/\",\"logo\":{\"@type\":\"ImageObject\",\"inLanguage\":\"pt-BR\",\"@id\":\"https:\\\/\\\/www.wrebello.adv.br\\\/#\\\/schema\\\/logo\\\/image\\\/\",\"url\":\"https:\\\/\\\/i0.wp.com\\\/www.wrebello.adv.br\\\/wp-content\\\/uploads\\\/2023\\\/08\\\/Logo-WRF.png?fit=971%2C285&ssl=1\",\"contentUrl\":\"https:\\\/\\\/i0.wp.com\\\/www.wrebello.adv.br\\\/wp-content\\\/uploads\\\/2023\\\/08\\\/Logo-WRF.png?fit=971%2C285&ssl=1\",\"width\":971,\"height\":285,\"caption\":\"WRF Advogados\"},\"image\":{\"@id\":\"https:\\\/\\\/www.wrebello.adv.br\\\/#\\\/schema\\\/logo\\\/image\\\/\"}},{\"@type\":\"Person\",\"@id\":\"https:\\\/\\\/www.wrebello.adv.br\\\/#\\\/schema\\\/person\\\/1354a1233f528dee48d7c75916285c15\",\"name\":\"Advogado\",\"image\":{\"@type\":\"ImageObject\",\"inLanguage\":\"pt-BR\",\"@id\":\"https:\\\/\\\/secure.gravatar.com\\\/avatar\\\/1c96e99cc473b8d15e1cc00dd69110fa12331489c72dc34679dc6cfae0019038?s=96&d=mm&r=g\",\"url\":\"https:\\\/\\\/secure.gravatar.com\\\/avatar\\\/1c96e99cc473b8d15e1cc00dd69110fa12331489c72dc34679dc6cfae0019038?s=96&d=mm&r=g\",\"contentUrl\":\"https:\\\/\\\/secure.gravatar.com\\\/avatar\\\/1c96e99cc473b8d15e1cc00dd69110fa12331489c72dc34679dc6cfae0019038?s=96&d=mm&r=g\",\"caption\":\"Advogado\"},\"sameAs\":[\"https:\\\/\\\/www.artifices.com.br\\\/wrebello\"],\"url\":\"https:\\\/\\\/www.wrebello.adv.br\\\/index.php\\\/author\\\/advogado\\\/\"}]}<\/script>\n<!-- \/ Yoast SEO plugin. -->","yoast_head_json":{"title":"Lama em Brumadinho, \u00e1guas no Rio e fogo no Ninho do Urubu! - WRF Advogados","robots":{"index":"index","follow":"follow","max-snippet":"max-snippet:-1","max-image-preview":"max-image-preview:large","max-video-preview":"max-video-preview:-1"},"canonical":"https:\/\/www.wrebello.adv.br\/index.php\/2023\/08\/07\/lama-em-brumadinho-aguas-no-rio-e-fogo-no-ninho-do-urubu\/","og_locale":"pt_BR","og_type":"article","og_title":"Lama em Brumadinho, \u00e1guas no Rio e fogo no Ninho do Urubu! - WRF Advogados","og_description":"Reflex\u00e3o sobre a trag\u00e9dia no CT do Flamengo","og_url":"https:\/\/www.wrebello.adv.br\/index.php\/2023\/08\/07\/lama-em-brumadinho-aguas-no-rio-e-fogo-no-ninho-do-urubu\/","og_site_name":"WRF Advogados","article_published_time":"2023-08-08T02:11:05+00:00","article_modified_time":"2023-09-21T14:43:30+00:00","og_image":[{"width":984,"height":554,"url":"https:\/\/www.wrebello.adv.br\/wp-content\/uploads\/2023\/08\/08fla03.webp","type":"image\/webp"}],"author":"Advogado","twitter_card":"summary_large_image","twitter_misc":{"Escrito por":"Advogado","Est. tempo de leitura":"2 minutos"},"schema":{"@context":"https:\/\/schema.org","@graph":[{"@type":"Article","@id":"https:\/\/www.wrebello.adv.br\/index.php\/2023\/08\/07\/lama-em-brumadinho-aguas-no-rio-e-fogo-no-ninho-do-urubu\/#article","isPartOf":{"@id":"https:\/\/www.wrebello.adv.br\/index.php\/2023\/08\/07\/lama-em-brumadinho-aguas-no-rio-e-fogo-no-ninho-do-urubu\/"},"author":{"name":"Advogado","@id":"https:\/\/www.wrebello.adv.br\/#\/schema\/person\/1354a1233f528dee48d7c75916285c15"},"headline":"Lama em Brumadinho, \u00e1guas no Rio e fogo no Ninho do Urubu!","datePublished":"2023-08-08T02:11:05+00:00","dateModified":"2023-09-21T14:43:30+00:00","mainEntityOfPage":{"@id":"https:\/\/www.wrebello.adv.br\/index.php\/2023\/08\/07\/lama-em-brumadinho-aguas-no-rio-e-fogo-no-ninho-do-urubu\/"},"wordCount":360,"commentCount":0,"publisher":{"@id":"https:\/\/www.wrebello.adv.br\/#organization"},"image":{"@id":"https:\/\/www.wrebello.adv.br\/index.php\/2023\/08\/07\/lama-em-brumadinho-aguas-no-rio-e-fogo-no-ninho-do-urubu\/#primaryimage"},"thumbnailUrl":"https:\/\/i0.wp.com\/www.wrebello.adv.br\/wp-content\/uploads\/2023\/08\/08fla03.webp?fit=984%2C554&ssl=1","keywords":["Flamengo","Reflex\u00e3o"],"inLanguage":"pt-BR","potentialAction":[{"@type":"CommentAction","name":"Comment","target":["https:\/\/www.wrebello.adv.br\/index.php\/2023\/08\/07\/lama-em-brumadinho-aguas-no-rio-e-fogo-no-ninho-do-urubu\/#respond"]}]},{"@type":"WebPage","@id":"https:\/\/www.wrebello.adv.br\/index.php\/2023\/08\/07\/lama-em-brumadinho-aguas-no-rio-e-fogo-no-ninho-do-urubu\/","url":"https:\/\/www.wrebello.adv.br\/index.php\/2023\/08\/07\/lama-em-brumadinho-aguas-no-rio-e-fogo-no-ninho-do-urubu\/","name":"Lama em Brumadinho, \u00e1guas no Rio e fogo no Ninho do Urubu! - WRF Advogados","isPartOf":{"@id":"https:\/\/www.wrebello.adv.br\/#website"},"primaryImageOfPage":{"@id":"https:\/\/www.wrebello.adv.br\/index.php\/2023\/08\/07\/lama-em-brumadinho-aguas-no-rio-e-fogo-no-ninho-do-urubu\/#primaryimage"},"image":{"@id":"https:\/\/www.wrebello.adv.br\/index.php\/2023\/08\/07\/lama-em-brumadinho-aguas-no-rio-e-fogo-no-ninho-do-urubu\/#primaryimage"},"thumbnailUrl":"https:\/\/i0.wp.com\/www.wrebello.adv.br\/wp-content\/uploads\/2023\/08\/08fla03.webp?fit=984%2C554&ssl=1","datePublished":"2023-08-08T02:11:05+00:00","dateModified":"2023-09-21T14:43:30+00:00","breadcrumb":{"@id":"https:\/\/www.wrebello.adv.br\/index.php\/2023\/08\/07\/lama-em-brumadinho-aguas-no-rio-e-fogo-no-ninho-do-urubu\/#breadcrumb"},"inLanguage":"pt-BR","potentialAction":[{"@type":"ReadAction","target":["https:\/\/www.wrebello.adv.br\/index.php\/2023\/08\/07\/lama-em-brumadinho-aguas-no-rio-e-fogo-no-ninho-do-urubu\/"]}]},{"@type":"ImageObject","inLanguage":"pt-BR","@id":"https:\/\/www.wrebello.adv.br\/index.php\/2023\/08\/07\/lama-em-brumadinho-aguas-no-rio-e-fogo-no-ninho-do-urubu\/#primaryimage","url":"https:\/\/i0.wp.com\/www.wrebello.adv.br\/wp-content\/uploads\/2023\/08\/08fla03.webp?fit=984%2C554&ssl=1","contentUrl":"https:\/\/i0.wp.com\/www.wrebello.adv.br\/wp-content\/uploads\/2023\/08\/08fla03.webp?fit=984%2C554&ssl=1","width":984,"height":554,"caption":"Instala\u00e7\u00f5es retorcidas pelo fogo no CT do Flamengo \u2014 Foto: Reprodu\u00e7\u00e3o\/TV Globo"},{"@type":"BreadcrumbList","@id":"https:\/\/www.wrebello.adv.br\/index.php\/2023\/08\/07\/lama-em-brumadinho-aguas-no-rio-e-fogo-no-ninho-do-urubu\/#breadcrumb","itemListElement":[{"@type":"ListItem","position":1,"name":"In\u00edcio","item":"https:\/\/www.wrebello.adv.br\/"},{"@type":"ListItem","position":2,"name":"Lama em Brumadinho, \u00e1guas no Rio e fogo no Ninho do Urubu!"}]},{"@type":"WebSite","@id":"https:\/\/www.wrebello.adv.br\/#website","url":"https:\/\/www.wrebello.adv.br\/","name":"WRF Advogados","description":"O Escrit\u00f3rio Wanderley Rebello Filho &amp; Advogados tem experi\u00eancia tanto na \u00e1rea contenciosa, quanto na consultiva.","publisher":{"@id":"https:\/\/www.wrebello.adv.br\/#organization"},"potentialAction":[{"@type":"SearchAction","target":{"@type":"EntryPoint","urlTemplate":"https:\/\/www.wrebello.adv.br\/?s={search_term_string}"},"query-input":{"@type":"PropertyValueSpecification","valueRequired":true,"valueName":"search_term_string"}}],"inLanguage":"pt-BR"},{"@type":"Organization","@id":"https:\/\/www.wrebello.adv.br\/#organization","name":"WRF Advogados","url":"https:\/\/www.wrebello.adv.br\/","logo":{"@type":"ImageObject","inLanguage":"pt-BR","@id":"https:\/\/www.wrebello.adv.br\/#\/schema\/logo\/image\/","url":"https:\/\/i0.wp.com\/www.wrebello.adv.br\/wp-content\/uploads\/2023\/08\/Logo-WRF.png?fit=971%2C285&ssl=1","contentUrl":"https:\/\/i0.wp.com\/www.wrebello.adv.br\/wp-content\/uploads\/2023\/08\/Logo-WRF.png?fit=971%2C285&ssl=1","width":971,"height":285,"caption":"WRF Advogados"},"image":{"@id":"https:\/\/www.wrebello.adv.br\/#\/schema\/logo\/image\/"}},{"@type":"Person","@id":"https:\/\/www.wrebello.adv.br\/#\/schema\/person\/1354a1233f528dee48d7c75916285c15","name":"Advogado","image":{"@type":"ImageObject","inLanguage":"pt-BR","@id":"https:\/\/secure.gravatar.com\/avatar\/1c96e99cc473b8d15e1cc00dd69110fa12331489c72dc34679dc6cfae0019038?s=96&d=mm&r=g","url":"https:\/\/secure.gravatar.com\/avatar\/1c96e99cc473b8d15e1cc00dd69110fa12331489c72dc34679dc6cfae0019038?s=96&d=mm&r=g","contentUrl":"https:\/\/secure.gravatar.com\/avatar\/1c96e99cc473b8d15e1cc00dd69110fa12331489c72dc34679dc6cfae0019038?s=96&d=mm&r=g","caption":"Advogado"},"sameAs":["https:\/\/www.artifices.com.br\/wrebello"],"url":"https:\/\/www.wrebello.adv.br\/index.php\/author\/advogado\/"}]}},"jetpack_featured_media_url":"https:\/\/i0.wp.com\/www.wrebello.adv.br\/wp-content\/uploads\/2023\/08\/08fla03.webp?fit=984%2C554&ssl=1","jetpack-related-posts":[],"jetpack_sharing_enabled":true,"_links":{"self":[{"href":"https:\/\/www.wrebello.adv.br\/index.php\/wp-json\/wp\/v2\/posts\/78","targetHints":{"allow":["GET"]}}],"collection":[{"href":"https:\/\/www.wrebello.adv.br\/index.php\/wp-json\/wp\/v2\/posts"}],"about":[{"href":"https:\/\/www.wrebello.adv.br\/index.php\/wp-json\/wp\/v2\/types\/post"}],"author":[{"embeddable":true,"href":"https:\/\/www.wrebello.adv.br\/index.php\/wp-json\/wp\/v2\/users\/1"}],"replies":[{"embeddable":true,"href":"https:\/\/www.wrebello.adv.br\/index.php\/wp-json\/wp\/v2\/comments?post=78"}],"version-history":[{"count":3,"href":"https:\/\/www.wrebello.adv.br\/index.php\/wp-json\/wp\/v2\/posts\/78\/revisions"}],"predecessor-version":[{"id":378,"href":"https:\/\/www.wrebello.adv.br\/index.php\/wp-json\/wp\/v2\/posts\/78\/revisions\/378"}],"wp:featuredmedia":[{"embeddable":true,"href":"https:\/\/www.wrebello.adv.br\/index.php\/wp-json\/wp\/v2\/media\/381"}],"wp:attachment":[{"href":"https:\/\/www.wrebello.adv.br\/index.php\/wp-json\/wp\/v2\/media?parent=78"}],"wp:term":[{"taxonomy":"category","embeddable":true,"href":"https:\/\/www.wrebello.adv.br\/index.php\/wp-json\/wp\/v2\/categories?post=78"},{"taxonomy":"post_tag","embeddable":true,"href":"https:\/\/www.wrebello.adv.br\/index.php\/wp-json\/wp\/v2\/tags?post=78"}],"curies":[{"name":"wp","href":"https:\/\/api.w.org\/{rel}","templated":true}]}}