{"id":89,"date":"2023-09-04T21:35:00","date_gmt":"2023-09-05T00:35:00","guid":{"rendered":"https:\/\/www.artifices.com.br\/wrebello\/?p=89"},"modified":"2023-09-11T22:17:39","modified_gmt":"2023-09-12T01:17:39","slug":"esclarecimentos-sobre-a-lei-7672-10-lei-da-palmada","status":"publish","type":"post","link":"https:\/\/www.wrebello.adv.br\/index.php\/2023\/09\/04\/esclarecimentos-sobre-a-lei-7672-10-lei-da-palmada\/","title":{"rendered":"Esclarecimentos sobre a &#8220;Lei 7672\/10&#8221; &#8211; \u201cLei da Palmada\u201d"},"content":{"rendered":"\n<p>O Projeto de Lei 7672\/10 que tramita no Congresso, e que estabelece o direito da crian\u00e7a e do adolescente de ser educado e cuidado sem o uso de qualquer forma de viol\u00eancia, castigo cruel ou humilhante, j\u00e1 foi aprovado pela Comiss\u00e3o Especial da C\u00e2mara dos Deputados. Encontra-se, atualmente, na Comiss\u00e3o de Constitui\u00e7\u00e3o e Justi\u00e7a e Cidadania, e seguir\u00e1 em breve para o Senado.&nbsp;<\/p>\n\n\n\n<p>Tenho visto muitos jornalistas e profissionais do Direito combatendo, com muita veem\u00eancia, a referida lei, e lamento que as pessoas n\u00e3o busquem se informar adequadamente sobre o tema.<\/p>\n\n\n\n<p>Concordo que \u00e9 livre a express\u00e3o de pensamentos e convic\u00e7\u00f5es, mas o tema requer um pouco mais de responsabilidade ao ser tratado. Emitir opini\u00e3o baseada apenas no senso comum em nada enriquece o&nbsp;debate,&nbsp;e n\u00e3o esclarece. Ao contr\u00e1rio, cria a falsa sensa\u00e7\u00e3o de que existe uma verdade inexor\u00e1vel, quando na realidade n\u00e3o h\u00e1.&nbsp;<\/p>\n\n\n\n<p>A verdade \u00e9 que a \u201cLei da Palmada\u201d n\u00e3o traz uma criminaliza\u00e7\u00e3o de conduta. O crime sempre existiu, previsto no Estatuto da Crian\u00e7a e do Adolescente (ECA), e no pr\u00f3prio C\u00f3digo Penal, j\u00e1 que n\u00e3o existe permiss\u00e3o legal para o uso da viol\u00eancia f\u00edsica contra qualquer pessoa. O escopo da lei \u00e9, t\u00e3o somente, esclarecer o grau da conduta a ser repreendida, e as penas previstas n\u00e3o s\u00e3o de pris\u00e3o conforme fazem parecer, mas variam de acordo com o grau da viol\u00eancia praticada, partindo de acompanhamento multidisciplinar para os pais, respons\u00e1veis e cuidadores, at\u00e9 a destitui\u00e7\u00e3o do poder-familiar previsto no ECA.&nbsp; A pena de pris\u00e3o s\u00f3 se aplica aos casos de tortura e de maus-tratos.&nbsp;<\/p>\n\n\n\n<p>Atualmente, j\u00e1 se reconhece que \u00e9 uma covardia bater em um idoso ou em uma mulher, e mesmo assim foi necess\u00e1ria a edi\u00e7\u00e3o de leis protetivas para que seus direitos fossem respeitados. Por que as crian\u00e7as, que n\u00e3o podem se defender, n\u00e3o haveriam de merecer tal prote\u00e7\u00e3o do Estado?&nbsp;<\/p>\n\n\n\n<p>N\u00e3o h\u00e1, portanto, qualquer inconstitucionalidade, menos ainda excessiva inger\u00eancia estatal no ambiente familiar, uma vez que \u00e9 dever constitucional do Estado dar&nbsp;especial&nbsp;prote\u00e7\u00e3o aos interesses das crian\u00e7as.&nbsp;&nbsp;<\/p>\n\n\n\n<p>A \u201cLei da Palmada\u201d visa apenas desconstruir a falsa ideia de que no exerc\u00edcio do poder familiar podemos tudo! \u00c9 uma lei muito mais educativa do que punitiva. Poder-se-ia diz\u00ea-la desnecess\u00e1ria se fossemos capazes de aprender de outro modo, assim como seriam desnecess\u00e1rias a Lei Maria da Penha e o Estatuto do Idoso, mas no Brasil infelizmente n\u00e3o \u00e9 assim.&nbsp;<\/p>\n\n\n\n<p>\u00c9 dever dos pais buscar alternativas n\u00e3o violentas para educar seus filhos; \u00e9 dever dos pais proteger e amar seus filhos com responsabilidade e afeto, obtendo destes o respeito pelo uso da autoridade e n\u00e3o da for\u00e7a.\u00a0<\/p>\n\n\n\n<p>O uso da for\u00e7a demonstra autoritarismo, e s\u00f3 ensina aos filhos que \u00e9 atrav\u00e9s da for\u00e7a que se resolvem os problemas. E este ser\u00e1 o comportamento que ele reproduzir\u00e1 na sociedade, das formas mais variadas. O \u201cbullying\u201d e o \u201cass\u00e9dio moral\u201d no trabalho s\u00e3o grandes exemplos da repercuss\u00e3o social de uma educa\u00e7\u00e3o baseada na imposi\u00e7\u00e3o da for\u00e7a do mais forte contra o mais fraco.\u00a0<\/p>\n\n\n\n<p>Os castigos f\u00edsicos sempre existiram, e chegamos ao grau de viol\u00eancia social que estamos vendo agora. Como podemos viver numa sociedade de paz quando, no cerne da educa\u00e7\u00e3o dos nossos filhos, est\u00e1 a viol\u00eancia? Devemos&nbsp; repensar, ou ent\u00e3o teremos que nos \u201cchocar\u201d diante da TV toda vez que Isabellas e Joanas forem mortas por seus pais ou cuidadores, ou quando virmos um menor assassino arrastar uma crian\u00e7a por quil\u00f4metros presa a um carro; ou, ainda, quando um psicopata invadir a escola dos nossos filhos e mat\u00e1-los, ou pior, quando o assassino \u00e9 o nosso pr\u00f3prio filho, pois ningu\u00e9m est\u00e1 livre disso, e a origem destes males \u00e9 uma s\u00f3: a viol\u00eancia! E neste ponto, todos temos o nosso telhado de vidro!&nbsp;<\/p>\n\n\n\n<p><strong>Luana De Deus Temperine\u00a0<\/strong><\/p>\n\n\n\n<p><strong>Outubro de 2013<\/strong><\/p>\n","protected":false},"excerpt":{"rendered":"<p>Explica\u00e7\u00e3o da &#8220;Lei da Palmada&#8221;<\/p>\n","protected":false},"author":1,"featured_media":134,"comment_status":"open","ping_status":"open","sticky":false,"template":"","format":"standard","meta":{"jetpack_post_was_ever_published":false,"_jetpack_newsletter_access":"","_jetpack_dont_email_post_to_subs":false,"_jetpack_newsletter_tier_id":0,"_jetpack_memberships_contains_paywalled_content":false,"_jetpack_memberships_contains_paid_content":false,"footnotes":""},"categories":[1],"tags":[12,11,9,10],"class_list":["post-89","post","type-post","status-publish","format-standard","has-post-thumbnail","hentry","category-sem-categoria","tag-direito-de-criancas-e-adolescentes","tag-eca","tag-lei-da-palmada","tag-violencia-contra-criancas"],"yoast_head":"<!-- This site is optimized with the Yoast SEO plugin v27.3 - https:\/\/yoast.com\/product\/yoast-seo-wordpress\/ -->\n<title>Esclarecimentos sobre a &quot;Lei 7672\/10&quot; - \u201cLei da Palmada\u201d - WRF Advogados<\/title>\n<meta name=\"robots\" content=\"index, follow, max-snippet:-1, max-image-preview:large, max-video-preview:-1\" \/>\n<link rel=\"canonical\" href=\"https:\/\/www.wrebello.adv.br\/index.php\/2023\/09\/04\/esclarecimentos-sobre-a-lei-7672-10-lei-da-palmada\/\" \/>\n<meta property=\"og:locale\" content=\"pt_BR\" \/>\n<meta property=\"og:type\" content=\"article\" \/>\n<meta property=\"og:title\" content=\"Esclarecimentos sobre a &quot;Lei 7672\/10&quot; - \u201cLei da Palmada\u201d - WRF Advogados\" \/>\n<meta property=\"og:description\" content=\"Explica\u00e7\u00e3o da &quot;Lei da Palmada&quot;\" \/>\n<meta property=\"og:url\" content=\"https:\/\/www.wrebello.adv.br\/index.php\/2023\/09\/04\/esclarecimentos-sobre-a-lei-7672-10-lei-da-palmada\/\" \/>\n<meta property=\"og:site_name\" content=\"WRF Advogados\" \/>\n<meta property=\"article:published_time\" content=\"2023-09-05T00:35:00+00:00\" \/>\n<meta property=\"article:modified_time\" content=\"2023-09-12T01:17:39+00:00\" \/>\n<meta property=\"og:image\" content=\"https:\/\/www.wrebello.adv.br\/wp-content\/uploads\/2023\/09\/crianca-sofrendo-abuso-por-parte-dos-pais-com-cinto-scaled.jpg\" \/>\n\t<meta property=\"og:image:width\" content=\"2560\" \/>\n\t<meta property=\"og:image:height\" content=\"1707\" \/>\n\t<meta property=\"og:image:type\" content=\"image\/jpeg\" \/>\n<meta name=\"author\" content=\"Advogado\" \/>\n<meta name=\"twitter:card\" content=\"summary_large_image\" \/>\n<meta name=\"twitter:label1\" content=\"Escrito por\" \/>\n\t<meta name=\"twitter:data1\" content=\"Advogado\" \/>\n\t<meta name=\"twitter:label2\" content=\"Est. tempo de leitura\" \/>\n\t<meta name=\"twitter:data2\" content=\"3 minutos\" \/>\n<script type=\"application\/ld+json\" class=\"yoast-schema-graph\">{\"@context\":\"https:\\\/\\\/schema.org\",\"@graph\":[{\"@type\":\"Article\",\"@id\":\"https:\\\/\\\/www.wrebello.adv.br\\\/index.php\\\/2023\\\/09\\\/04\\\/esclarecimentos-sobre-a-lei-7672-10-lei-da-palmada\\\/#article\",\"isPartOf\":{\"@id\":\"https:\\\/\\\/www.wrebello.adv.br\\\/index.php\\\/2023\\\/09\\\/04\\\/esclarecimentos-sobre-a-lei-7672-10-lei-da-palmada\\\/\"},\"author\":{\"name\":\"Advogado\",\"@id\":\"https:\\\/\\\/www.wrebello.adv.br\\\/#\\\/schema\\\/person\\\/1354a1233f528dee48d7c75916285c15\"},\"headline\":\"Esclarecimentos sobre a &#8220;Lei 7672\\\/10&#8221; &#8211; \u201cLei da Palmada\u201d\",\"datePublished\":\"2023-09-05T00:35:00+00:00\",\"dateModified\":\"2023-09-12T01:17:39+00:00\",\"mainEntityOfPage\":{\"@id\":\"https:\\\/\\\/www.wrebello.adv.br\\\/index.php\\\/2023\\\/09\\\/04\\\/esclarecimentos-sobre-a-lei-7672-10-lei-da-palmada\\\/\"},\"wordCount\":706,\"commentCount\":0,\"publisher\":{\"@id\":\"https:\\\/\\\/www.wrebello.adv.br\\\/#organization\"},\"image\":{\"@id\":\"https:\\\/\\\/www.wrebello.adv.br\\\/index.php\\\/2023\\\/09\\\/04\\\/esclarecimentos-sobre-a-lei-7672-10-lei-da-palmada\\\/#primaryimage\"},\"thumbnailUrl\":\"https:\\\/\\\/i0.wp.com\\\/www.wrebello.adv.br\\\/wp-content\\\/uploads\\\/2023\\\/09\\\/crianca-sofrendo-abuso-por-parte-dos-pais-com-cinto-scaled.jpg?fit=2560%2C1707&ssl=1\",\"keywords\":[\"Direito de crian\u00e7as e adolescentes\",\"ECA\",\"Lei da Palmada\",\"Viol\u00eancia contra crian\u00e7as\"],\"inLanguage\":\"pt-BR\",\"potentialAction\":[{\"@type\":\"CommentAction\",\"name\":\"Comment\",\"target\":[\"https:\\\/\\\/www.wrebello.adv.br\\\/index.php\\\/2023\\\/09\\\/04\\\/esclarecimentos-sobre-a-lei-7672-10-lei-da-palmada\\\/#respond\"]}]},{\"@type\":\"WebPage\",\"@id\":\"https:\\\/\\\/www.wrebello.adv.br\\\/index.php\\\/2023\\\/09\\\/04\\\/esclarecimentos-sobre-a-lei-7672-10-lei-da-palmada\\\/\",\"url\":\"https:\\\/\\\/www.wrebello.adv.br\\\/index.php\\\/2023\\\/09\\\/04\\\/esclarecimentos-sobre-a-lei-7672-10-lei-da-palmada\\\/\",\"name\":\"Esclarecimentos sobre a \\\"Lei 7672\\\/10\\\" - \u201cLei da Palmada\u201d - WRF Advogados\",\"isPartOf\":{\"@id\":\"https:\\\/\\\/www.wrebello.adv.br\\\/#website\"},\"primaryImageOfPage\":{\"@id\":\"https:\\\/\\\/www.wrebello.adv.br\\\/index.php\\\/2023\\\/09\\\/04\\\/esclarecimentos-sobre-a-lei-7672-10-lei-da-palmada\\\/#primaryimage\"},\"image\":{\"@id\":\"https:\\\/\\\/www.wrebello.adv.br\\\/index.php\\\/2023\\\/09\\\/04\\\/esclarecimentos-sobre-a-lei-7672-10-lei-da-palmada\\\/#primaryimage\"},\"thumbnailUrl\":\"https:\\\/\\\/i0.wp.com\\\/www.wrebello.adv.br\\\/wp-content\\\/uploads\\\/2023\\\/09\\\/crianca-sofrendo-abuso-por-parte-dos-pais-com-cinto-scaled.jpg?fit=2560%2C1707&ssl=1\",\"datePublished\":\"2023-09-05T00:35:00+00:00\",\"dateModified\":\"2023-09-12T01:17:39+00:00\",\"breadcrumb\":{\"@id\":\"https:\\\/\\\/www.wrebello.adv.br\\\/index.php\\\/2023\\\/09\\\/04\\\/esclarecimentos-sobre-a-lei-7672-10-lei-da-palmada\\\/#breadcrumb\"},\"inLanguage\":\"pt-BR\",\"potentialAction\":[{\"@type\":\"ReadAction\",\"target\":[\"https:\\\/\\\/www.wrebello.adv.br\\\/index.php\\\/2023\\\/09\\\/04\\\/esclarecimentos-sobre-a-lei-7672-10-lei-da-palmada\\\/\"]}]},{\"@type\":\"ImageObject\",\"inLanguage\":\"pt-BR\",\"@id\":\"https:\\\/\\\/www.wrebello.adv.br\\\/index.php\\\/2023\\\/09\\\/04\\\/esclarecimentos-sobre-a-lei-7672-10-lei-da-palmada\\\/#primaryimage\",\"url\":\"https:\\\/\\\/i0.wp.com\\\/www.wrebello.adv.br\\\/wp-content\\\/uploads\\\/2023\\\/09\\\/crianca-sofrendo-abuso-por-parte-dos-pais-com-cinto-scaled.jpg?fit=2560%2C1707&ssl=1\",\"contentUrl\":\"https:\\\/\\\/i0.wp.com\\\/www.wrebello.adv.br\\\/wp-content\\\/uploads\\\/2023\\\/09\\\/crianca-sofrendo-abuso-por-parte-dos-pais-com-cinto-scaled.jpg?fit=2560%2C1707&ssl=1\",\"width\":2560,\"height\":1707,\"caption\":\"Fonte: https:\\\/\\\/br.freepik.com\\\/fotos-gratis\\\/crianca-sofrendo-abuso-por-parte-dos-pais-com-cinto_39427803.htm#query=violencia%20crina%C3%A7a&position=5&from_view=search&track=ais\"},{\"@type\":\"BreadcrumbList\",\"@id\":\"https:\\\/\\\/www.wrebello.adv.br\\\/index.php\\\/2023\\\/09\\\/04\\\/esclarecimentos-sobre-a-lei-7672-10-lei-da-palmada\\\/#breadcrumb\",\"itemListElement\":[{\"@type\":\"ListItem\",\"position\":1,\"name\":\"In\u00edcio\",\"item\":\"https:\\\/\\\/www.wrebello.adv.br\\\/\"},{\"@type\":\"ListItem\",\"position\":2,\"name\":\"Esclarecimentos sobre a &#8220;Lei 7672\\\/10&#8221; &#8211; \u201cLei da Palmada\u201d\"}]},{\"@type\":\"WebSite\",\"@id\":\"https:\\\/\\\/www.wrebello.adv.br\\\/#website\",\"url\":\"https:\\\/\\\/www.wrebello.adv.br\\\/\",\"name\":\"WRF Advogados\",\"description\":\"O Escrit\u00f3rio Wanderley Rebello Filho &amp; Advogados tem experi\u00eancia tanto na \u00e1rea contenciosa, quanto na consultiva.\",\"publisher\":{\"@id\":\"https:\\\/\\\/www.wrebello.adv.br\\\/#organization\"},\"potentialAction\":[{\"@type\":\"SearchAction\",\"target\":{\"@type\":\"EntryPoint\",\"urlTemplate\":\"https:\\\/\\\/www.wrebello.adv.br\\\/?s={search_term_string}\"},\"query-input\":{\"@type\":\"PropertyValueSpecification\",\"valueRequired\":true,\"valueName\":\"search_term_string\"}}],\"inLanguage\":\"pt-BR\"},{\"@type\":\"Organization\",\"@id\":\"https:\\\/\\\/www.wrebello.adv.br\\\/#organization\",\"name\":\"WRF Advogados\",\"url\":\"https:\\\/\\\/www.wrebello.adv.br\\\/\",\"logo\":{\"@type\":\"ImageObject\",\"inLanguage\":\"pt-BR\",\"@id\":\"https:\\\/\\\/www.wrebello.adv.br\\\/#\\\/schema\\\/logo\\\/image\\\/\",\"url\":\"https:\\\/\\\/i0.wp.com\\\/www.wrebello.adv.br\\\/wp-content\\\/uploads\\\/2023\\\/08\\\/Logo-WRF.png?fit=971%2C285&ssl=1\",\"contentUrl\":\"https:\\\/\\\/i0.wp.com\\\/www.wrebello.adv.br\\\/wp-content\\\/uploads\\\/2023\\\/08\\\/Logo-WRF.png?fit=971%2C285&ssl=1\",\"width\":971,\"height\":285,\"caption\":\"WRF Advogados\"},\"image\":{\"@id\":\"https:\\\/\\\/www.wrebello.adv.br\\\/#\\\/schema\\\/logo\\\/image\\\/\"}},{\"@type\":\"Person\",\"@id\":\"https:\\\/\\\/www.wrebello.adv.br\\\/#\\\/schema\\\/person\\\/1354a1233f528dee48d7c75916285c15\",\"name\":\"Advogado\",\"image\":{\"@type\":\"ImageObject\",\"inLanguage\":\"pt-BR\",\"@id\":\"https:\\\/\\\/secure.gravatar.com\\\/avatar\\\/1c96e99cc473b8d15e1cc00dd69110fa12331489c72dc34679dc6cfae0019038?s=96&d=mm&r=g\",\"url\":\"https:\\\/\\\/secure.gravatar.com\\\/avatar\\\/1c96e99cc473b8d15e1cc00dd69110fa12331489c72dc34679dc6cfae0019038?s=96&d=mm&r=g\",\"contentUrl\":\"https:\\\/\\\/secure.gravatar.com\\\/avatar\\\/1c96e99cc473b8d15e1cc00dd69110fa12331489c72dc34679dc6cfae0019038?s=96&d=mm&r=g\",\"caption\":\"Advogado\"},\"sameAs\":[\"https:\\\/\\\/www.artifices.com.br\\\/wrebello\"],\"url\":\"https:\\\/\\\/www.wrebello.adv.br\\\/index.php\\\/author\\\/advogado\\\/\"}]}<\/script>\n<!-- \/ Yoast SEO plugin. -->","yoast_head_json":{"title":"Esclarecimentos sobre a \"Lei 7672\/10\" - \u201cLei da Palmada\u201d - WRF Advogados","robots":{"index":"index","follow":"follow","max-snippet":"max-snippet:-1","max-image-preview":"max-image-preview:large","max-video-preview":"max-video-preview:-1"},"canonical":"https:\/\/www.wrebello.adv.br\/index.php\/2023\/09\/04\/esclarecimentos-sobre-a-lei-7672-10-lei-da-palmada\/","og_locale":"pt_BR","og_type":"article","og_title":"Esclarecimentos sobre a \"Lei 7672\/10\" - \u201cLei da Palmada\u201d - WRF Advogados","og_description":"Explica\u00e7\u00e3o da \"Lei da Palmada\"","og_url":"https:\/\/www.wrebello.adv.br\/index.php\/2023\/09\/04\/esclarecimentos-sobre-a-lei-7672-10-lei-da-palmada\/","og_site_name":"WRF Advogados","article_published_time":"2023-09-05T00:35:00+00:00","article_modified_time":"2023-09-12T01:17:39+00:00","og_image":[{"width":2560,"height":1707,"url":"https:\/\/www.wrebello.adv.br\/wp-content\/uploads\/2023\/09\/crianca-sofrendo-abuso-por-parte-dos-pais-com-cinto-scaled.jpg","type":"image\/jpeg"}],"author":"Advogado","twitter_card":"summary_large_image","twitter_misc":{"Escrito por":"Advogado","Est. tempo de leitura":"3 minutos"},"schema":{"@context":"https:\/\/schema.org","@graph":[{"@type":"Article","@id":"https:\/\/www.wrebello.adv.br\/index.php\/2023\/09\/04\/esclarecimentos-sobre-a-lei-7672-10-lei-da-palmada\/#article","isPartOf":{"@id":"https:\/\/www.wrebello.adv.br\/index.php\/2023\/09\/04\/esclarecimentos-sobre-a-lei-7672-10-lei-da-palmada\/"},"author":{"name":"Advogado","@id":"https:\/\/www.wrebello.adv.br\/#\/schema\/person\/1354a1233f528dee48d7c75916285c15"},"headline":"Esclarecimentos sobre a &#8220;Lei 7672\/10&#8221; &#8211; \u201cLei da Palmada\u201d","datePublished":"2023-09-05T00:35:00+00:00","dateModified":"2023-09-12T01:17:39+00:00","mainEntityOfPage":{"@id":"https:\/\/www.wrebello.adv.br\/index.php\/2023\/09\/04\/esclarecimentos-sobre-a-lei-7672-10-lei-da-palmada\/"},"wordCount":706,"commentCount":0,"publisher":{"@id":"https:\/\/www.wrebello.adv.br\/#organization"},"image":{"@id":"https:\/\/www.wrebello.adv.br\/index.php\/2023\/09\/04\/esclarecimentos-sobre-a-lei-7672-10-lei-da-palmada\/#primaryimage"},"thumbnailUrl":"https:\/\/i0.wp.com\/www.wrebello.adv.br\/wp-content\/uploads\/2023\/09\/crianca-sofrendo-abuso-por-parte-dos-pais-com-cinto-scaled.jpg?fit=2560%2C1707&ssl=1","keywords":["Direito de crian\u00e7as e adolescentes","ECA","Lei da Palmada","Viol\u00eancia contra crian\u00e7as"],"inLanguage":"pt-BR","potentialAction":[{"@type":"CommentAction","name":"Comment","target":["https:\/\/www.wrebello.adv.br\/index.php\/2023\/09\/04\/esclarecimentos-sobre-a-lei-7672-10-lei-da-palmada\/#respond"]}]},{"@type":"WebPage","@id":"https:\/\/www.wrebello.adv.br\/index.php\/2023\/09\/04\/esclarecimentos-sobre-a-lei-7672-10-lei-da-palmada\/","url":"https:\/\/www.wrebello.adv.br\/index.php\/2023\/09\/04\/esclarecimentos-sobre-a-lei-7672-10-lei-da-palmada\/","name":"Esclarecimentos sobre a \"Lei 7672\/10\" - \u201cLei da Palmada\u201d - WRF Advogados","isPartOf":{"@id":"https:\/\/www.wrebello.adv.br\/#website"},"primaryImageOfPage":{"@id":"https:\/\/www.wrebello.adv.br\/index.php\/2023\/09\/04\/esclarecimentos-sobre-a-lei-7672-10-lei-da-palmada\/#primaryimage"},"image":{"@id":"https:\/\/www.wrebello.adv.br\/index.php\/2023\/09\/04\/esclarecimentos-sobre-a-lei-7672-10-lei-da-palmada\/#primaryimage"},"thumbnailUrl":"https:\/\/i0.wp.com\/www.wrebello.adv.br\/wp-content\/uploads\/2023\/09\/crianca-sofrendo-abuso-por-parte-dos-pais-com-cinto-scaled.jpg?fit=2560%2C1707&ssl=1","datePublished":"2023-09-05T00:35:00+00:00","dateModified":"2023-09-12T01:17:39+00:00","breadcrumb":{"@id":"https:\/\/www.wrebello.adv.br\/index.php\/2023\/09\/04\/esclarecimentos-sobre-a-lei-7672-10-lei-da-palmada\/#breadcrumb"},"inLanguage":"pt-BR","potentialAction":[{"@type":"ReadAction","target":["https:\/\/www.wrebello.adv.br\/index.php\/2023\/09\/04\/esclarecimentos-sobre-a-lei-7672-10-lei-da-palmada\/"]}]},{"@type":"ImageObject","inLanguage":"pt-BR","@id":"https:\/\/www.wrebello.adv.br\/index.php\/2023\/09\/04\/esclarecimentos-sobre-a-lei-7672-10-lei-da-palmada\/#primaryimage","url":"https:\/\/i0.wp.com\/www.wrebello.adv.br\/wp-content\/uploads\/2023\/09\/crianca-sofrendo-abuso-por-parte-dos-pais-com-cinto-scaled.jpg?fit=2560%2C1707&ssl=1","contentUrl":"https:\/\/i0.wp.com\/www.wrebello.adv.br\/wp-content\/uploads\/2023\/09\/crianca-sofrendo-abuso-por-parte-dos-pais-com-cinto-scaled.jpg?fit=2560%2C1707&ssl=1","width":2560,"height":1707,"caption":"Fonte: https:\/\/br.freepik.com\/fotos-gratis\/crianca-sofrendo-abuso-por-parte-dos-pais-com-cinto_39427803.htm#query=violencia%20crina%C3%A7a&position=5&from_view=search&track=ais"},{"@type":"BreadcrumbList","@id":"https:\/\/www.wrebello.adv.br\/index.php\/2023\/09\/04\/esclarecimentos-sobre-a-lei-7672-10-lei-da-palmada\/#breadcrumb","itemListElement":[{"@type":"ListItem","position":1,"name":"In\u00edcio","item":"https:\/\/www.wrebello.adv.br\/"},{"@type":"ListItem","position":2,"name":"Esclarecimentos sobre a &#8220;Lei 7672\/10&#8221; &#8211; \u201cLei da Palmada\u201d"}]},{"@type":"WebSite","@id":"https:\/\/www.wrebello.adv.br\/#website","url":"https:\/\/www.wrebello.adv.br\/","name":"WRF Advogados","description":"O Escrit\u00f3rio Wanderley Rebello Filho &amp; Advogados tem experi\u00eancia tanto na \u00e1rea contenciosa, quanto na consultiva.","publisher":{"@id":"https:\/\/www.wrebello.adv.br\/#organization"},"potentialAction":[{"@type":"SearchAction","target":{"@type":"EntryPoint","urlTemplate":"https:\/\/www.wrebello.adv.br\/?s={search_term_string}"},"query-input":{"@type":"PropertyValueSpecification","valueRequired":true,"valueName":"search_term_string"}}],"inLanguage":"pt-BR"},{"@type":"Organization","@id":"https:\/\/www.wrebello.adv.br\/#organization","name":"WRF Advogados","url":"https:\/\/www.wrebello.adv.br\/","logo":{"@type":"ImageObject","inLanguage":"pt-BR","@id":"https:\/\/www.wrebello.adv.br\/#\/schema\/logo\/image\/","url":"https:\/\/i0.wp.com\/www.wrebello.adv.br\/wp-content\/uploads\/2023\/08\/Logo-WRF.png?fit=971%2C285&ssl=1","contentUrl":"https:\/\/i0.wp.com\/www.wrebello.adv.br\/wp-content\/uploads\/2023\/08\/Logo-WRF.png?fit=971%2C285&ssl=1","width":971,"height":285,"caption":"WRF Advogados"},"image":{"@id":"https:\/\/www.wrebello.adv.br\/#\/schema\/logo\/image\/"}},{"@type":"Person","@id":"https:\/\/www.wrebello.adv.br\/#\/schema\/person\/1354a1233f528dee48d7c75916285c15","name":"Advogado","image":{"@type":"ImageObject","inLanguage":"pt-BR","@id":"https:\/\/secure.gravatar.com\/avatar\/1c96e99cc473b8d15e1cc00dd69110fa12331489c72dc34679dc6cfae0019038?s=96&d=mm&r=g","url":"https:\/\/secure.gravatar.com\/avatar\/1c96e99cc473b8d15e1cc00dd69110fa12331489c72dc34679dc6cfae0019038?s=96&d=mm&r=g","contentUrl":"https:\/\/secure.gravatar.com\/avatar\/1c96e99cc473b8d15e1cc00dd69110fa12331489c72dc34679dc6cfae0019038?s=96&d=mm&r=g","caption":"Advogado"},"sameAs":["https:\/\/www.artifices.com.br\/wrebello"],"url":"https:\/\/www.wrebello.adv.br\/index.php\/author\/advogado\/"}]}},"jetpack_featured_media_url":"https:\/\/i0.wp.com\/www.wrebello.adv.br\/wp-content\/uploads\/2023\/09\/crianca-sofrendo-abuso-por-parte-dos-pais-com-cinto-scaled.jpg?fit=2560%2C1707&ssl=1","jetpack-related-posts":[],"jetpack_sharing_enabled":true,"_links":{"self":[{"href":"https:\/\/www.wrebello.adv.br\/index.php\/wp-json\/wp\/v2\/posts\/89","targetHints":{"allow":["GET"]}}],"collection":[{"href":"https:\/\/www.wrebello.adv.br\/index.php\/wp-json\/wp\/v2\/posts"}],"about":[{"href":"https:\/\/www.wrebello.adv.br\/index.php\/wp-json\/wp\/v2\/types\/post"}],"author":[{"embeddable":true,"href":"https:\/\/www.wrebello.adv.br\/index.php\/wp-json\/wp\/v2\/users\/1"}],"replies":[{"embeddable":true,"href":"https:\/\/www.wrebello.adv.br\/index.php\/wp-json\/wp\/v2\/comments?post=89"}],"version-history":[{"count":3,"href":"https:\/\/www.wrebello.adv.br\/index.php\/wp-json\/wp\/v2\/posts\/89\/revisions"}],"predecessor-version":[{"id":137,"href":"https:\/\/www.wrebello.adv.br\/index.php\/wp-json\/wp\/v2\/posts\/89\/revisions\/137"}],"wp:featuredmedia":[{"embeddable":true,"href":"https:\/\/www.wrebello.adv.br\/index.php\/wp-json\/wp\/v2\/media\/134"}],"wp:attachment":[{"href":"https:\/\/www.wrebello.adv.br\/index.php\/wp-json\/wp\/v2\/media?parent=89"}],"wp:term":[{"taxonomy":"category","embeddable":true,"href":"https:\/\/www.wrebello.adv.br\/index.php\/wp-json\/wp\/v2\/categories?post=89"},{"taxonomy":"post_tag","embeddable":true,"href":"https:\/\/www.wrebello.adv.br\/index.php\/wp-json\/wp\/v2\/tags?post=89"}],"curies":[{"name":"wp","href":"https:\/\/api.w.org\/{rel}","templated":true}]}}