{"id":91,"date":"2023-09-04T21:34:00","date_gmt":"2023-09-05T00:34:00","guid":{"rendered":"https:\/\/www.artifices.com.br\/wrebello\/?p=91"},"modified":"2023-09-12T19:54:18","modified_gmt":"2023-09-12T22:54:18","slug":"neste-natal-vamos-todos-dar-livros-depresente","status":"publish","type":"post","link":"https:\/\/www.wrebello.adv.br\/index.php\/2023\/09\/04\/neste-natal-vamos-todos-dar-livros-depresente\/","title":{"rendered":"Neste Natal,\u00a0vamos\u00a0todos dar livros de presente!"},"content":{"rendered":"\t\t<div data-elementor-type=\"wp-post\" data-elementor-id=\"91\" class=\"elementor elementor-91\" data-elementor-post-type=\"post\">\n\t\t\t\t\t\t<section class=\"elementor-section elementor-top-section elementor-element elementor-element-7dfc77e5 elementor-section-boxed elementor-section-height-default elementor-section-height-default\" data-id=\"7dfc77e5\" data-element_type=\"section\" data-e-type=\"section\">\n\t\t\t\t\t\t<div class=\"elementor-container elementor-column-gap-default\">\n\t\t\t\t\t<div class=\"elementor-column elementor-col-100 elementor-top-column elementor-element elementor-element-7369865\" data-id=\"7369865\" data-element_type=\"column\" data-e-type=\"column\">\n\t\t\t<div class=\"elementor-widget-wrap elementor-element-populated\">\n\t\t\t\t\t\t<div class=\"elementor-element elementor-element-43437f50 elementor-widget elementor-widget-text-editor\" data-id=\"43437f50\" data-element_type=\"widget\" data-e-type=\"widget\" data-widget_type=\"text-editor.default\">\n\t\t\t\t<div class=\"elementor-widget-container\">\n\t\t\t\t\t\t\t\t\t\n<p>Outro dia recebi uma mensagem de socorro pelo WhatsApp de um dono de livraria, pedindo para que compr\u00e1ssemos livros para que ele n\u00e3o fosse \u00e0 fal\u00eancia. Uma livraria que eu frequentava l\u00e1 perto do meu escrit\u00f3rio no Centro do Rio j\u00e1 fechou as portas. Foi l\u00e1 onde eu adquiri minha cole\u00e7\u00e3o quase completa de Eduardo Galeano, e livros de Judith Viorst, Augusto Cury, Andr\u00e9 Comte-Sponville, entre outros. Fecham as portas grandes e pequenas livrarias, e no lugar delas dever\u00e3o surgir bancos e drogarias, bancos para extorquirem o nosso dinheiro, e drogarias para comprarmos rem\u00e9dios para a cura das nossas doen\u00e7as psicossom\u00e1ticas e ansiedades sem fim, muitas adquiridas por falta de paz e de leitura.&nbsp;<\/p>\n\n\n\n<p>Na livraria, casa dos sonhos e das palavras, quando entramos logo vemos os livros se oferecendo para n\u00f3s. Eles nos &#8220;procuram&#8221; com seus v\u00e1rios tamanhos, com suas capas colorias, com os seus apelos, com suas mensagens e com as suas hist\u00f3rias. L\u00e1 buscamos viajar, sonhar e aprender, tudo junto e misturado. Muitas vezes me pego sentado em uma poltrona escutando m\u00fasica e lendo, l\u00e1 no meu distante ref\u00fagio verde, sempre ao lado de minha amiga de quatro patas Babalu, e fico tentando n\u00e3o pensar no que um futuro sem livros reserva \u00e0s nossas crian\u00e7as e adolescentes. Fico espantando pensamentos e tristezas mas n\u00e3o adianta,&nbsp; porque vejo crian\u00e7as nascendo e crescendo ao meu redor, e eu j\u00e1 as amo tanto que logo me preocupo ainda mais. Quando uma crian\u00e7a vem para o meu lado e fica em sil\u00eancio, e come\u00e7a a mexer em um telefone celular, minha mente j\u00e1 cansada e at\u00f4nita de imediato viaja, e me faz me imaginar entrando na &#8220;minha&#8221; livraria que se foi para passear entre fantasmas de pessoas e livros. Celulares, computadores e nossa indiferen\u00e7a condenaram os livros a se afastarem de n\u00f3s, as livrarias a fecharem as portas, e os nossos sonhos a irem buscar alento nas telas frias de equipamentos eletr\u00f4nicos. &nbsp;&nbsp;&nbsp;<\/p>\n\n\n\n<p>Parece-me que os livros v\u00e3o sumir mesmo, e que as pr\u00f3ximas gera\u00e7\u00f5es est\u00e3o condenadas ao quase sil\u00eancio, e a ficar sentadas curvadas e olhando para a tela hipnotizante de um telefone celular.&nbsp;Um dia, olhando para a noite e para as estrelas, de repente vi uma delas cair e fiz um pedido:&nbsp;<\/p>\n\n\n\n<p>&#8211; Muda Senhor!&nbsp;<\/p>\n\n\n\n<p>Babalu ouviu, me olhou, baixou as orelhas, beijou o meu bra\u00e7o e sussurrou no meu ouvido:&nbsp;<\/p>\n\n\n\n<p>&#8211; N\u00e3o d\u00e1 mais!&nbsp;<\/p>\n\n\n\n<p>(Neste Natal, vamos todos dar livros de presente!) &nbsp; &nbsp;<\/p>\n\n\n\n<p><strong>Wanderley Rebello Filho \u2013<\/strong>&nbsp;<\/p>\n\n\n\n<p><strong>Advogado e Conselheiro da OAB\/RJ.<\/strong><\/p>\n\t\t\t\t\t\t\t\t<\/div>\n\t\t\t\t<\/div>\n\t\t\t\t\t<\/div>\n\t\t<\/div>\n\t\t\t\t\t<\/div>\n\t\t<\/section>\n\t\t\t\t<\/div>\n\t\t","protected":false},"excerpt":{"rendered":"<p>Import\u00e2ncia da leitura para crian\u00e7as e adolescentes e a falta dessa atividade na gera\u00e7\u00e3o atual e futura.<\/p>\n","protected":false},"author":1,"featured_media":144,"comment_status":"open","ping_status":"open","sticky":false,"template":"","format":"standard","meta":{"jetpack_post_was_ever_published":false,"_jetpack_newsletter_access":"","_jetpack_dont_email_post_to_subs":false,"_jetpack_newsletter_tier_id":0,"_jetpack_memberships_contains_paywalled_content":false,"_jetpack_memberships_contains_paid_content":false,"footnotes":""},"categories":[1],"tags":[13,14],"class_list":["post-91","post","type-post","status-publish","format-standard","has-post-thumbnail","hentry","category-sem-categoria","tag-leitura","tag-livros"],"yoast_head":"<!-- This site is optimized with the Yoast SEO plugin v27.3 - https:\/\/yoast.com\/product\/yoast-seo-wordpress\/ -->\n<title>Neste Natal,\u00a0vamos\u00a0todos dar livros de presente! - WRF Advogados<\/title>\n<meta name=\"robots\" content=\"index, follow, max-snippet:-1, max-image-preview:large, max-video-preview:-1\" \/>\n<link rel=\"canonical\" href=\"https:\/\/www.wrebello.adv.br\/index.php\/2023\/09\/04\/neste-natal-vamos-todos-dar-livros-depresente\/\" \/>\n<meta property=\"og:locale\" content=\"pt_BR\" \/>\n<meta property=\"og:type\" content=\"article\" \/>\n<meta property=\"og:title\" content=\"Neste Natal,\u00a0vamos\u00a0todos dar livros de presente! - WRF Advogados\" \/>\n<meta property=\"og:description\" content=\"Import\u00e2ncia da leitura para crian\u00e7as e adolescentes e a falta dessa atividade na gera\u00e7\u00e3o atual e futura.\" \/>\n<meta property=\"og:url\" content=\"https:\/\/www.wrebello.adv.br\/index.php\/2023\/09\/04\/neste-natal-vamos-todos-dar-livros-depresente\/\" \/>\n<meta property=\"og:site_name\" content=\"WRF Advogados\" \/>\n<meta property=\"article:published_time\" content=\"2023-09-05T00:34:00+00:00\" \/>\n<meta property=\"article:modified_time\" content=\"2023-09-12T22:54:18+00:00\" \/>\n<meta property=\"og:image\" content=\"https:\/\/www.wrebello.adv.br\/wp-content\/uploads\/2023\/09\/pessoas-lendo-juntos-vista-lateral-scaled.jpg\" \/>\n\t<meta property=\"og:image:width\" content=\"2560\" \/>\n\t<meta property=\"og:image:height\" content=\"1707\" \/>\n\t<meta property=\"og:image:type\" content=\"image\/jpeg\" \/>\n<meta name=\"author\" content=\"Advogado\" \/>\n<meta name=\"twitter:card\" content=\"summary_large_image\" \/>\n<meta name=\"twitter:label1\" content=\"Escrito por\" \/>\n\t<meta name=\"twitter:data1\" content=\"Advogado\" \/>\n\t<meta name=\"twitter:label2\" content=\"Est. tempo de leitura\" \/>\n\t<meta name=\"twitter:data2\" content=\"2 minutos\" \/>\n<script type=\"application\/ld+json\" class=\"yoast-schema-graph\">{\"@context\":\"https:\\\/\\\/schema.org\",\"@graph\":[{\"@type\":\"Article\",\"@id\":\"https:\\\/\\\/www.wrebello.adv.br\\\/index.php\\\/2023\\\/09\\\/04\\\/neste-natal-vamos-todos-dar-livros-depresente\\\/#article\",\"isPartOf\":{\"@id\":\"https:\\\/\\\/www.wrebello.adv.br\\\/index.php\\\/2023\\\/09\\\/04\\\/neste-natal-vamos-todos-dar-livros-depresente\\\/\"},\"author\":{\"name\":\"Advogado\",\"@id\":\"https:\\\/\\\/www.wrebello.adv.br\\\/#\\\/schema\\\/person\\\/1354a1233f528dee48d7c75916285c15\"},\"headline\":\"Neste Natal,\u00a0vamos\u00a0todos dar livros de presente!\",\"datePublished\":\"2023-09-05T00:34:00+00:00\",\"dateModified\":\"2023-09-12T22:54:18+00:00\",\"mainEntityOfPage\":{\"@id\":\"https:\\\/\\\/www.wrebello.adv.br\\\/index.php\\\/2023\\\/09\\\/04\\\/neste-natal-vamos-todos-dar-livros-depresente\\\/\"},\"wordCount\":465,\"commentCount\":0,\"publisher\":{\"@id\":\"https:\\\/\\\/www.wrebello.adv.br\\\/#organization\"},\"image\":{\"@id\":\"https:\\\/\\\/www.wrebello.adv.br\\\/index.php\\\/2023\\\/09\\\/04\\\/neste-natal-vamos-todos-dar-livros-depresente\\\/#primaryimage\"},\"thumbnailUrl\":\"https:\\\/\\\/i0.wp.com\\\/www.wrebello.adv.br\\\/wp-content\\\/uploads\\\/2023\\\/09\\\/pessoas-lendo-juntos-vista-lateral-scaled.jpg?fit=2560%2C1707&ssl=1\",\"keywords\":[\"leitura\",\"livros\"],\"inLanguage\":\"pt-BR\",\"potentialAction\":[{\"@type\":\"CommentAction\",\"name\":\"Comment\",\"target\":[\"https:\\\/\\\/www.wrebello.adv.br\\\/index.php\\\/2023\\\/09\\\/04\\\/neste-natal-vamos-todos-dar-livros-depresente\\\/#respond\"]}]},{\"@type\":\"WebPage\",\"@id\":\"https:\\\/\\\/www.wrebello.adv.br\\\/index.php\\\/2023\\\/09\\\/04\\\/neste-natal-vamos-todos-dar-livros-depresente\\\/\",\"url\":\"https:\\\/\\\/www.wrebello.adv.br\\\/index.php\\\/2023\\\/09\\\/04\\\/neste-natal-vamos-todos-dar-livros-depresente\\\/\",\"name\":\"Neste Natal,\u00a0vamos\u00a0todos dar livros de presente! - WRF Advogados\",\"isPartOf\":{\"@id\":\"https:\\\/\\\/www.wrebello.adv.br\\\/#website\"},\"primaryImageOfPage\":{\"@id\":\"https:\\\/\\\/www.wrebello.adv.br\\\/index.php\\\/2023\\\/09\\\/04\\\/neste-natal-vamos-todos-dar-livros-depresente\\\/#primaryimage\"},\"image\":{\"@id\":\"https:\\\/\\\/www.wrebello.adv.br\\\/index.php\\\/2023\\\/09\\\/04\\\/neste-natal-vamos-todos-dar-livros-depresente\\\/#primaryimage\"},\"thumbnailUrl\":\"https:\\\/\\\/i0.wp.com\\\/www.wrebello.adv.br\\\/wp-content\\\/uploads\\\/2023\\\/09\\\/pessoas-lendo-juntos-vista-lateral-scaled.jpg?fit=2560%2C1707&ssl=1\",\"datePublished\":\"2023-09-05T00:34:00+00:00\",\"dateModified\":\"2023-09-12T22:54:18+00:00\",\"breadcrumb\":{\"@id\":\"https:\\\/\\\/www.wrebello.adv.br\\\/index.php\\\/2023\\\/09\\\/04\\\/neste-natal-vamos-todos-dar-livros-depresente\\\/#breadcrumb\"},\"inLanguage\":\"pt-BR\",\"potentialAction\":[{\"@type\":\"ReadAction\",\"target\":[\"https:\\\/\\\/www.wrebello.adv.br\\\/index.php\\\/2023\\\/09\\\/04\\\/neste-natal-vamos-todos-dar-livros-depresente\\\/\"]}]},{\"@type\":\"ImageObject\",\"inLanguage\":\"pt-BR\",\"@id\":\"https:\\\/\\\/www.wrebello.adv.br\\\/index.php\\\/2023\\\/09\\\/04\\\/neste-natal-vamos-todos-dar-livros-depresente\\\/#primaryimage\",\"url\":\"https:\\\/\\\/i0.wp.com\\\/www.wrebello.adv.br\\\/wp-content\\\/uploads\\\/2023\\\/09\\\/pessoas-lendo-juntos-vista-lateral-scaled.jpg?fit=2560%2C1707&ssl=1\",\"contentUrl\":\"https:\\\/\\\/i0.wp.com\\\/www.wrebello.adv.br\\\/wp-content\\\/uploads\\\/2023\\\/09\\\/pessoas-lendo-juntos-vista-lateral-scaled.jpg?fit=2560%2C1707&ssl=1\",\"width\":2560,\"height\":1707,\"caption\":\"Fonte: https:\\\/\\\/br.freepik.com\\\/fotos-gratis\\\/pessoas-lendo-juntos-vista-lateral_36300124.htm#query=livro%20leitura%20grupo&position=10&from_view=search&track=ais\"},{\"@type\":\"BreadcrumbList\",\"@id\":\"https:\\\/\\\/www.wrebello.adv.br\\\/index.php\\\/2023\\\/09\\\/04\\\/neste-natal-vamos-todos-dar-livros-depresente\\\/#breadcrumb\",\"itemListElement\":[{\"@type\":\"ListItem\",\"position\":1,\"name\":\"In\u00edcio\",\"item\":\"https:\\\/\\\/www.wrebello.adv.br\\\/\"},{\"@type\":\"ListItem\",\"position\":2,\"name\":\"Neste Natal,\u00a0vamos\u00a0todos dar livros de presente!\"}]},{\"@type\":\"WebSite\",\"@id\":\"https:\\\/\\\/www.wrebello.adv.br\\\/#website\",\"url\":\"https:\\\/\\\/www.wrebello.adv.br\\\/\",\"name\":\"WRF Advogados\",\"description\":\"O Escrit\u00f3rio Wanderley Rebello Filho &amp; Advogados tem experi\u00eancia tanto na \u00e1rea contenciosa, quanto na consultiva.\",\"publisher\":{\"@id\":\"https:\\\/\\\/www.wrebello.adv.br\\\/#organization\"},\"potentialAction\":[{\"@type\":\"SearchAction\",\"target\":{\"@type\":\"EntryPoint\",\"urlTemplate\":\"https:\\\/\\\/www.wrebello.adv.br\\\/?s={search_term_string}\"},\"query-input\":{\"@type\":\"PropertyValueSpecification\",\"valueRequired\":true,\"valueName\":\"search_term_string\"}}],\"inLanguage\":\"pt-BR\"},{\"@type\":\"Organization\",\"@id\":\"https:\\\/\\\/www.wrebello.adv.br\\\/#organization\",\"name\":\"WRF Advogados\",\"url\":\"https:\\\/\\\/www.wrebello.adv.br\\\/\",\"logo\":{\"@type\":\"ImageObject\",\"inLanguage\":\"pt-BR\",\"@id\":\"https:\\\/\\\/www.wrebello.adv.br\\\/#\\\/schema\\\/logo\\\/image\\\/\",\"url\":\"https:\\\/\\\/i0.wp.com\\\/www.wrebello.adv.br\\\/wp-content\\\/uploads\\\/2023\\\/08\\\/Logo-WRF.png?fit=971%2C285&ssl=1\",\"contentUrl\":\"https:\\\/\\\/i0.wp.com\\\/www.wrebello.adv.br\\\/wp-content\\\/uploads\\\/2023\\\/08\\\/Logo-WRF.png?fit=971%2C285&ssl=1\",\"width\":971,\"height\":285,\"caption\":\"WRF Advogados\"},\"image\":{\"@id\":\"https:\\\/\\\/www.wrebello.adv.br\\\/#\\\/schema\\\/logo\\\/image\\\/\"}},{\"@type\":\"Person\",\"@id\":\"https:\\\/\\\/www.wrebello.adv.br\\\/#\\\/schema\\\/person\\\/1354a1233f528dee48d7c75916285c15\",\"name\":\"Advogado\",\"image\":{\"@type\":\"ImageObject\",\"inLanguage\":\"pt-BR\",\"@id\":\"https:\\\/\\\/secure.gravatar.com\\\/avatar\\\/1c96e99cc473b8d15e1cc00dd69110fa12331489c72dc34679dc6cfae0019038?s=96&d=mm&r=g\",\"url\":\"https:\\\/\\\/secure.gravatar.com\\\/avatar\\\/1c96e99cc473b8d15e1cc00dd69110fa12331489c72dc34679dc6cfae0019038?s=96&d=mm&r=g\",\"contentUrl\":\"https:\\\/\\\/secure.gravatar.com\\\/avatar\\\/1c96e99cc473b8d15e1cc00dd69110fa12331489c72dc34679dc6cfae0019038?s=96&d=mm&r=g\",\"caption\":\"Advogado\"},\"sameAs\":[\"https:\\\/\\\/www.artifices.com.br\\\/wrebello\"],\"url\":\"https:\\\/\\\/www.wrebello.adv.br\\\/index.php\\\/author\\\/advogado\\\/\"}]}<\/script>\n<!-- \/ Yoast SEO plugin. -->","yoast_head_json":{"title":"Neste Natal,\u00a0vamos\u00a0todos dar livros de presente! - WRF Advogados","robots":{"index":"index","follow":"follow","max-snippet":"max-snippet:-1","max-image-preview":"max-image-preview:large","max-video-preview":"max-video-preview:-1"},"canonical":"https:\/\/www.wrebello.adv.br\/index.php\/2023\/09\/04\/neste-natal-vamos-todos-dar-livros-depresente\/","og_locale":"pt_BR","og_type":"article","og_title":"Neste Natal,\u00a0vamos\u00a0todos dar livros de presente! - WRF Advogados","og_description":"Import\u00e2ncia da leitura para crian\u00e7as e adolescentes e a falta dessa atividade na gera\u00e7\u00e3o atual e futura.","og_url":"https:\/\/www.wrebello.adv.br\/index.php\/2023\/09\/04\/neste-natal-vamos-todos-dar-livros-depresente\/","og_site_name":"WRF Advogados","article_published_time":"2023-09-05T00:34:00+00:00","article_modified_time":"2023-09-12T22:54:18+00:00","og_image":[{"width":2560,"height":1707,"url":"https:\/\/www.wrebello.adv.br\/wp-content\/uploads\/2023\/09\/pessoas-lendo-juntos-vista-lateral-scaled.jpg","type":"image\/jpeg"}],"author":"Advogado","twitter_card":"summary_large_image","twitter_misc":{"Escrito por":"Advogado","Est. tempo de leitura":"2 minutos"},"schema":{"@context":"https:\/\/schema.org","@graph":[{"@type":"Article","@id":"https:\/\/www.wrebello.adv.br\/index.php\/2023\/09\/04\/neste-natal-vamos-todos-dar-livros-depresente\/#article","isPartOf":{"@id":"https:\/\/www.wrebello.adv.br\/index.php\/2023\/09\/04\/neste-natal-vamos-todos-dar-livros-depresente\/"},"author":{"name":"Advogado","@id":"https:\/\/www.wrebello.adv.br\/#\/schema\/person\/1354a1233f528dee48d7c75916285c15"},"headline":"Neste Natal,\u00a0vamos\u00a0todos dar livros de presente!","datePublished":"2023-09-05T00:34:00+00:00","dateModified":"2023-09-12T22:54:18+00:00","mainEntityOfPage":{"@id":"https:\/\/www.wrebello.adv.br\/index.php\/2023\/09\/04\/neste-natal-vamos-todos-dar-livros-depresente\/"},"wordCount":465,"commentCount":0,"publisher":{"@id":"https:\/\/www.wrebello.adv.br\/#organization"},"image":{"@id":"https:\/\/www.wrebello.adv.br\/index.php\/2023\/09\/04\/neste-natal-vamos-todos-dar-livros-depresente\/#primaryimage"},"thumbnailUrl":"https:\/\/i0.wp.com\/www.wrebello.adv.br\/wp-content\/uploads\/2023\/09\/pessoas-lendo-juntos-vista-lateral-scaled.jpg?fit=2560%2C1707&ssl=1","keywords":["leitura","livros"],"inLanguage":"pt-BR","potentialAction":[{"@type":"CommentAction","name":"Comment","target":["https:\/\/www.wrebello.adv.br\/index.php\/2023\/09\/04\/neste-natal-vamos-todos-dar-livros-depresente\/#respond"]}]},{"@type":"WebPage","@id":"https:\/\/www.wrebello.adv.br\/index.php\/2023\/09\/04\/neste-natal-vamos-todos-dar-livros-depresente\/","url":"https:\/\/www.wrebello.adv.br\/index.php\/2023\/09\/04\/neste-natal-vamos-todos-dar-livros-depresente\/","name":"Neste Natal,\u00a0vamos\u00a0todos dar livros de presente! - WRF Advogados","isPartOf":{"@id":"https:\/\/www.wrebello.adv.br\/#website"},"primaryImageOfPage":{"@id":"https:\/\/www.wrebello.adv.br\/index.php\/2023\/09\/04\/neste-natal-vamos-todos-dar-livros-depresente\/#primaryimage"},"image":{"@id":"https:\/\/www.wrebello.adv.br\/index.php\/2023\/09\/04\/neste-natal-vamos-todos-dar-livros-depresente\/#primaryimage"},"thumbnailUrl":"https:\/\/i0.wp.com\/www.wrebello.adv.br\/wp-content\/uploads\/2023\/09\/pessoas-lendo-juntos-vista-lateral-scaled.jpg?fit=2560%2C1707&ssl=1","datePublished":"2023-09-05T00:34:00+00:00","dateModified":"2023-09-12T22:54:18+00:00","breadcrumb":{"@id":"https:\/\/www.wrebello.adv.br\/index.php\/2023\/09\/04\/neste-natal-vamos-todos-dar-livros-depresente\/#breadcrumb"},"inLanguage":"pt-BR","potentialAction":[{"@type":"ReadAction","target":["https:\/\/www.wrebello.adv.br\/index.php\/2023\/09\/04\/neste-natal-vamos-todos-dar-livros-depresente\/"]}]},{"@type":"ImageObject","inLanguage":"pt-BR","@id":"https:\/\/www.wrebello.adv.br\/index.php\/2023\/09\/04\/neste-natal-vamos-todos-dar-livros-depresente\/#primaryimage","url":"https:\/\/i0.wp.com\/www.wrebello.adv.br\/wp-content\/uploads\/2023\/09\/pessoas-lendo-juntos-vista-lateral-scaled.jpg?fit=2560%2C1707&ssl=1","contentUrl":"https:\/\/i0.wp.com\/www.wrebello.adv.br\/wp-content\/uploads\/2023\/09\/pessoas-lendo-juntos-vista-lateral-scaled.jpg?fit=2560%2C1707&ssl=1","width":2560,"height":1707,"caption":"Fonte: https:\/\/br.freepik.com\/fotos-gratis\/pessoas-lendo-juntos-vista-lateral_36300124.htm#query=livro%20leitura%20grupo&position=10&from_view=search&track=ais"},{"@type":"BreadcrumbList","@id":"https:\/\/www.wrebello.adv.br\/index.php\/2023\/09\/04\/neste-natal-vamos-todos-dar-livros-depresente\/#breadcrumb","itemListElement":[{"@type":"ListItem","position":1,"name":"In\u00edcio","item":"https:\/\/www.wrebello.adv.br\/"},{"@type":"ListItem","position":2,"name":"Neste Natal,\u00a0vamos\u00a0todos dar livros de presente!"}]},{"@type":"WebSite","@id":"https:\/\/www.wrebello.adv.br\/#website","url":"https:\/\/www.wrebello.adv.br\/","name":"WRF Advogados","description":"O Escrit\u00f3rio Wanderley Rebello Filho &amp; Advogados tem experi\u00eancia tanto na \u00e1rea contenciosa, quanto na consultiva.","publisher":{"@id":"https:\/\/www.wrebello.adv.br\/#organization"},"potentialAction":[{"@type":"SearchAction","target":{"@type":"EntryPoint","urlTemplate":"https:\/\/www.wrebello.adv.br\/?s={search_term_string}"},"query-input":{"@type":"PropertyValueSpecification","valueRequired":true,"valueName":"search_term_string"}}],"inLanguage":"pt-BR"},{"@type":"Organization","@id":"https:\/\/www.wrebello.adv.br\/#organization","name":"WRF Advogados","url":"https:\/\/www.wrebello.adv.br\/","logo":{"@type":"ImageObject","inLanguage":"pt-BR","@id":"https:\/\/www.wrebello.adv.br\/#\/schema\/logo\/image\/","url":"https:\/\/i0.wp.com\/www.wrebello.adv.br\/wp-content\/uploads\/2023\/08\/Logo-WRF.png?fit=971%2C285&ssl=1","contentUrl":"https:\/\/i0.wp.com\/www.wrebello.adv.br\/wp-content\/uploads\/2023\/08\/Logo-WRF.png?fit=971%2C285&ssl=1","width":971,"height":285,"caption":"WRF Advogados"},"image":{"@id":"https:\/\/www.wrebello.adv.br\/#\/schema\/logo\/image\/"}},{"@type":"Person","@id":"https:\/\/www.wrebello.adv.br\/#\/schema\/person\/1354a1233f528dee48d7c75916285c15","name":"Advogado","image":{"@type":"ImageObject","inLanguage":"pt-BR","@id":"https:\/\/secure.gravatar.com\/avatar\/1c96e99cc473b8d15e1cc00dd69110fa12331489c72dc34679dc6cfae0019038?s=96&d=mm&r=g","url":"https:\/\/secure.gravatar.com\/avatar\/1c96e99cc473b8d15e1cc00dd69110fa12331489c72dc34679dc6cfae0019038?s=96&d=mm&r=g","contentUrl":"https:\/\/secure.gravatar.com\/avatar\/1c96e99cc473b8d15e1cc00dd69110fa12331489c72dc34679dc6cfae0019038?s=96&d=mm&r=g","caption":"Advogado"},"sameAs":["https:\/\/www.artifices.com.br\/wrebello"],"url":"https:\/\/www.wrebello.adv.br\/index.php\/author\/advogado\/"}]}},"jetpack_featured_media_url":"https:\/\/i0.wp.com\/www.wrebello.adv.br\/wp-content\/uploads\/2023\/09\/pessoas-lendo-juntos-vista-lateral-scaled.jpg?fit=2560%2C1707&ssl=1","jetpack-related-posts":[],"jetpack_sharing_enabled":true,"_links":{"self":[{"href":"https:\/\/www.wrebello.adv.br\/index.php\/wp-json\/wp\/v2\/posts\/91","targetHints":{"allow":["GET"]}}],"collection":[{"href":"https:\/\/www.wrebello.adv.br\/index.php\/wp-json\/wp\/v2\/posts"}],"about":[{"href":"https:\/\/www.wrebello.adv.br\/index.php\/wp-json\/wp\/v2\/types\/post"}],"author":[{"embeddable":true,"href":"https:\/\/www.wrebello.adv.br\/index.php\/wp-json\/wp\/v2\/users\/1"}],"replies":[{"embeddable":true,"href":"https:\/\/www.wrebello.adv.br\/index.php\/wp-json\/wp\/v2\/comments?post=91"}],"version-history":[{"count":9,"href":"https:\/\/www.wrebello.adv.br\/index.php\/wp-json\/wp\/v2\/posts\/91\/revisions"}],"predecessor-version":[{"id":170,"href":"https:\/\/www.wrebello.adv.br\/index.php\/wp-json\/wp\/v2\/posts\/91\/revisions\/170"}],"wp:featuredmedia":[{"embeddable":true,"href":"https:\/\/www.wrebello.adv.br\/index.php\/wp-json\/wp\/v2\/media\/144"}],"wp:attachment":[{"href":"https:\/\/www.wrebello.adv.br\/index.php\/wp-json\/wp\/v2\/media?parent=91"}],"wp:term":[{"taxonomy":"category","embeddable":true,"href":"https:\/\/www.wrebello.adv.br\/index.php\/wp-json\/wp\/v2\/categories?post=91"},{"taxonomy":"post_tag","embeddable":true,"href":"https:\/\/www.wrebello.adv.br\/index.php\/wp-json\/wp\/v2\/tags?post=91"}],"curies":[{"name":"wp","href":"https:\/\/api.w.org\/{rel}","templated":true}]}}