{"id":93,"date":"2023-09-04T21:33:00","date_gmt":"2023-09-05T00:33:00","guid":{"rendered":"https:\/\/www.artifices.com.br\/wrebello\/?p=93"},"modified":"2023-09-12T20:10:47","modified_gmt":"2023-09-12T23:10:47","slug":"sobre-o-dia-10-de-dezembro-de-2018","status":"publish","type":"post","link":"https:\/\/www.wrebello.adv.br\/index.php\/2023\/09\/04\/sobre-o-dia-10-de-dezembro-de-2018\/","title":{"rendered":"Sobre o dia 10 de dezembro de 2018:"},"content":{"rendered":"\t\t<div data-elementor-type=\"wp-post\" data-elementor-id=\"93\" class=\"elementor elementor-93\" data-elementor-post-type=\"post\">\n\t\t\t\t\t\t<section class=\"elementor-section elementor-top-section elementor-element elementor-element-22715c24 elementor-section-boxed elementor-section-height-default elementor-section-height-default\" data-id=\"22715c24\" data-element_type=\"section\" data-e-type=\"section\">\n\t\t\t\t\t\t<div class=\"elementor-container elementor-column-gap-default\">\n\t\t\t\t\t<div class=\"elementor-column elementor-col-100 elementor-top-column elementor-element elementor-element-2572b22c\" data-id=\"2572b22c\" data-element_type=\"column\" data-e-type=\"column\">\n\t\t\t<div class=\"elementor-widget-wrap elementor-element-populated\">\n\t\t\t\t\t\t<div class=\"elementor-element elementor-element-4810b9d8 elementor-widget elementor-widget-text-editor\" data-id=\"4810b9d8\" data-element_type=\"widget\" data-e-type=\"widget\" data-widget_type=\"text-editor.default\">\n\t\t\t\t<div class=\"elementor-widget-container\">\n\t\t\t\t\t\t\t\t\t\n<p>Hoje&nbsp;\u00e9 o dia do anivers\u00e1rio de 70 anos da Declara\u00e7\u00e3o Universal dos Direitos Humanos. Mas n\u00e3o temos o que comemorar, pois muitos ainda pensam que direitos humanos s\u00f3 servem a bandidos. Cansei de tentar explicar que n\u00e3o \u00e9 isto! Talvez a \u00e1rea mais nobre do direito seja a mais odiada pelo povo, sem que isto fa\u00e7a o menor sentido.<\/p>\n\n\n\n<p>Os direitos humanos s\u00e3o feitos de sangue, suor e l\u00e1grimas. S\u00e3o feitos de guerras e revolu\u00e7\u00f5es que buscam a igualdade de todos perante as leis. Abram a Constitui\u00e7\u00e3o no artigo quinto e voc\u00eas ver\u00e3o mais de setenta de seus direitos e garantias fundamentais; e no artigo sexto voc\u00eas ver\u00e3o os seus direitos sociais (educa\u00e7\u00e3o, sa\u00fade, alimenta\u00e7\u00e3o, trabalho, moradia, lazer, seguran\u00e7a, previd\u00eancia social, prote\u00e7\u00e3o \u00e0 maternidade e \u00e0 inf\u00e2ncia, a assist\u00eancia aos&nbsp;desamparados),&nbsp;entre outros direitos espalhados em outros artigos de nossa Constitui\u00e7\u00e3o Federal.<\/p>\n\n\n\n<p>Os direitos humanos nasceram de jovens esquartejados, mulheres assassinadas, judeus dizimados, negros discriminados, religiosos queimados e crian\u00e7as esquecidas. E a Declara\u00e7\u00e3o Universal dos Direitos Humanos nasceu depois da segunda guerra mundial, quando mais de 50 milh\u00f5es de pessoas perderam suas vidas. Os direitos humanos nasceram depois de v\u00e1rios s\u00e9culos de muito sofrimento e dor, e hoje, quando conseguimos garantir&nbsp;alguns&nbsp;direitos humanos fundamentais a algumas pessoas, apagamos apenas um minuto da hist\u00f3ria de terror que vem sendo escrita desde sempre pela humanidade.<\/p>\n\n\n\n<p><strong>Wanderley Rebello Filho \u2013<\/strong><\/p>\n\n\n\n<p><strong>Advogado e Conselheiro da OAB\/RJ.<\/strong><\/p>\n\t\t\t\t\t\t\t\t<\/div>\n\t\t\t\t<\/div>\n\t\t\t\t\t<\/div>\n\t\t<\/div>\n\t\t\t\t\t<\/div>\n\t\t<\/section>\n\t\t\t\t<\/div>\n\t\t","protected":false},"excerpt":{"rendered":"<p>70 anos da Declara\u00e7\u00e3o Universal dos Direitos Humanos<\/p>\n","protected":false},"author":1,"featured_media":173,"comment_status":"open","ping_status":"open","sticky":false,"template":"","format":"standard","meta":{"jetpack_post_was_ever_published":false,"_jetpack_newsletter_access":"","_jetpack_dont_email_post_to_subs":false,"_jetpack_newsletter_tier_id":0,"_jetpack_memberships_contains_paywalled_content":false,"_jetpack_memberships_contains_paid_content":false,"footnotes":""},"categories":[1],"tags":[16,15],"class_list":["post-93","post","type-post","status-publish","format-standard","has-post-thumbnail","hentry","category-sem-categoria","tag-constituicao-federal","tag-direitos-humanos"],"yoast_head":"<!-- This site is optimized with the Yoast SEO plugin v27.3 - https:\/\/yoast.com\/product\/yoast-seo-wordpress\/ -->\n<title>Sobre o dia 10 de dezembro de 2018: - WRF Advogados<\/title>\n<meta name=\"robots\" content=\"index, follow, max-snippet:-1, max-image-preview:large, max-video-preview:-1\" \/>\n<link rel=\"canonical\" href=\"https:\/\/www.wrebello.adv.br\/index.php\/2023\/09\/04\/sobre-o-dia-10-de-dezembro-de-2018\/\" \/>\n<meta property=\"og:locale\" content=\"pt_BR\" \/>\n<meta property=\"og:type\" content=\"article\" \/>\n<meta property=\"og:title\" content=\"Sobre o dia 10 de dezembro de 2018: - WRF Advogados\" \/>\n<meta property=\"og:description\" content=\"70 anos da Declara\u00e7\u00e3o Universal dos Direitos Humanos\" \/>\n<meta property=\"og:url\" content=\"https:\/\/www.wrebello.adv.br\/index.php\/2023\/09\/04\/sobre-o-dia-10-de-dezembro-de-2018\/\" \/>\n<meta property=\"og:site_name\" content=\"WRF Advogados\" \/>\n<meta property=\"article:published_time\" content=\"2023-09-05T00:33:00+00:00\" \/>\n<meta property=\"article:modified_time\" content=\"2023-09-12T23:10:47+00:00\" \/>\n<meta property=\"og:image\" content=\"https:\/\/www.wrebello.adv.br\/wp-content\/uploads\/2023\/09\/pessoas-tendo-um-protesto-pelo-dia-mundial-do-meio-ambiente-scaled.jpg\" \/>\n\t<meta property=\"og:image:width\" content=\"2560\" \/>\n\t<meta property=\"og:image:height\" content=\"1707\" \/>\n\t<meta property=\"og:image:type\" content=\"image\/jpeg\" \/>\n<meta name=\"author\" content=\"Advogado\" \/>\n<meta name=\"twitter:card\" content=\"summary_large_image\" \/>\n<meta name=\"twitter:label1\" content=\"Escrito por\" \/>\n\t<meta name=\"twitter:data1\" content=\"Advogado\" \/>\n\t<meta name=\"twitter:label2\" content=\"Est. tempo de leitura\" \/>\n\t<meta name=\"twitter:data2\" content=\"1 minuto\" \/>\n<script type=\"application\/ld+json\" class=\"yoast-schema-graph\">{\"@context\":\"https:\\\/\\\/schema.org\",\"@graph\":[{\"@type\":\"Article\",\"@id\":\"https:\\\/\\\/www.wrebello.adv.br\\\/index.php\\\/2023\\\/09\\\/04\\\/sobre-o-dia-10-de-dezembro-de-2018\\\/#article\",\"isPartOf\":{\"@id\":\"https:\\\/\\\/www.wrebello.adv.br\\\/index.php\\\/2023\\\/09\\\/04\\\/sobre-o-dia-10-de-dezembro-de-2018\\\/\"},\"author\":{\"name\":\"Advogado\",\"@id\":\"https:\\\/\\\/www.wrebello.adv.br\\\/#\\\/schema\\\/person\\\/1354a1233f528dee48d7c75916285c15\"},\"headline\":\"Sobre o dia 10 de dezembro de 2018:\",\"datePublished\":\"2023-09-05T00:33:00+00:00\",\"dateModified\":\"2023-09-12T23:10:47+00:00\",\"mainEntityOfPage\":{\"@id\":\"https:\\\/\\\/www.wrebello.adv.br\\\/index.php\\\/2023\\\/09\\\/04\\\/sobre-o-dia-10-de-dezembro-de-2018\\\/\"},\"wordCount\":268,\"commentCount\":0,\"publisher\":{\"@id\":\"https:\\\/\\\/www.wrebello.adv.br\\\/#organization\"},\"image\":{\"@id\":\"https:\\\/\\\/www.wrebello.adv.br\\\/index.php\\\/2023\\\/09\\\/04\\\/sobre-o-dia-10-de-dezembro-de-2018\\\/#primaryimage\"},\"thumbnailUrl\":\"https:\\\/\\\/i0.wp.com\\\/www.wrebello.adv.br\\\/wp-content\\\/uploads\\\/2023\\\/09\\\/pessoas-tendo-um-protesto-pelo-dia-mundial-do-meio-ambiente-scaled.jpg?fit=2560%2C1707&ssl=1\",\"keywords\":[\"Constitui\u00e7\u00e3o Federal\",\"Direitos Humanos\"],\"inLanguage\":\"pt-BR\",\"potentialAction\":[{\"@type\":\"CommentAction\",\"name\":\"Comment\",\"target\":[\"https:\\\/\\\/www.wrebello.adv.br\\\/index.php\\\/2023\\\/09\\\/04\\\/sobre-o-dia-10-de-dezembro-de-2018\\\/#respond\"]}]},{\"@type\":\"WebPage\",\"@id\":\"https:\\\/\\\/www.wrebello.adv.br\\\/index.php\\\/2023\\\/09\\\/04\\\/sobre-o-dia-10-de-dezembro-de-2018\\\/\",\"url\":\"https:\\\/\\\/www.wrebello.adv.br\\\/index.php\\\/2023\\\/09\\\/04\\\/sobre-o-dia-10-de-dezembro-de-2018\\\/\",\"name\":\"Sobre o dia 10 de dezembro de 2018: - WRF Advogados\",\"isPartOf\":{\"@id\":\"https:\\\/\\\/www.wrebello.adv.br\\\/#website\"},\"primaryImageOfPage\":{\"@id\":\"https:\\\/\\\/www.wrebello.adv.br\\\/index.php\\\/2023\\\/09\\\/04\\\/sobre-o-dia-10-de-dezembro-de-2018\\\/#primaryimage\"},\"image\":{\"@id\":\"https:\\\/\\\/www.wrebello.adv.br\\\/index.php\\\/2023\\\/09\\\/04\\\/sobre-o-dia-10-de-dezembro-de-2018\\\/#primaryimage\"},\"thumbnailUrl\":\"https:\\\/\\\/i0.wp.com\\\/www.wrebello.adv.br\\\/wp-content\\\/uploads\\\/2023\\\/09\\\/pessoas-tendo-um-protesto-pelo-dia-mundial-do-meio-ambiente-scaled.jpg?fit=2560%2C1707&ssl=1\",\"datePublished\":\"2023-09-05T00:33:00+00:00\",\"dateModified\":\"2023-09-12T23:10:47+00:00\",\"breadcrumb\":{\"@id\":\"https:\\\/\\\/www.wrebello.adv.br\\\/index.php\\\/2023\\\/09\\\/04\\\/sobre-o-dia-10-de-dezembro-de-2018\\\/#breadcrumb\"},\"inLanguage\":\"pt-BR\",\"potentialAction\":[{\"@type\":\"ReadAction\",\"target\":[\"https:\\\/\\\/www.wrebello.adv.br\\\/index.php\\\/2023\\\/09\\\/04\\\/sobre-o-dia-10-de-dezembro-de-2018\\\/\"]}]},{\"@type\":\"ImageObject\",\"inLanguage\":\"pt-BR\",\"@id\":\"https:\\\/\\\/www.wrebello.adv.br\\\/index.php\\\/2023\\\/09\\\/04\\\/sobre-o-dia-10-de-dezembro-de-2018\\\/#primaryimage\",\"url\":\"https:\\\/\\\/i0.wp.com\\\/www.wrebello.adv.br\\\/wp-content\\\/uploads\\\/2023\\\/09\\\/pessoas-tendo-um-protesto-pelo-dia-mundial-do-meio-ambiente-scaled.jpg?fit=2560%2C1707&ssl=1\",\"contentUrl\":\"https:\\\/\\\/i0.wp.com\\\/www.wrebello.adv.br\\\/wp-content\\\/uploads\\\/2023\\\/09\\\/pessoas-tendo-um-protesto-pelo-dia-mundial-do-meio-ambiente-scaled.jpg?fit=2560%2C1707&ssl=1\",\"width\":2560,\"height\":1707,\"caption\":\"Fonte: https:\\\/\\\/br.freepik.com\\\/fotos-gratis\\\/pessoas-tendo-um-protesto-pelo-dia-mundial-do-meio-ambiente_24749032.htm#query=direitos%20humanos%20lei&position=10&from_view=search&track=ais\"},{\"@type\":\"BreadcrumbList\",\"@id\":\"https:\\\/\\\/www.wrebello.adv.br\\\/index.php\\\/2023\\\/09\\\/04\\\/sobre-o-dia-10-de-dezembro-de-2018\\\/#breadcrumb\",\"itemListElement\":[{\"@type\":\"ListItem\",\"position\":1,\"name\":\"In\u00edcio\",\"item\":\"https:\\\/\\\/www.wrebello.adv.br\\\/\"},{\"@type\":\"ListItem\",\"position\":2,\"name\":\"Sobre o dia 10 de dezembro de 2018:\"}]},{\"@type\":\"WebSite\",\"@id\":\"https:\\\/\\\/www.wrebello.adv.br\\\/#website\",\"url\":\"https:\\\/\\\/www.wrebello.adv.br\\\/\",\"name\":\"WRF Advogados\",\"description\":\"O Escrit\u00f3rio Wanderley Rebello Filho &amp; Advogados tem experi\u00eancia tanto na \u00e1rea contenciosa, quanto na consultiva.\",\"publisher\":{\"@id\":\"https:\\\/\\\/www.wrebello.adv.br\\\/#organization\"},\"potentialAction\":[{\"@type\":\"SearchAction\",\"target\":{\"@type\":\"EntryPoint\",\"urlTemplate\":\"https:\\\/\\\/www.wrebello.adv.br\\\/?s={search_term_string}\"},\"query-input\":{\"@type\":\"PropertyValueSpecification\",\"valueRequired\":true,\"valueName\":\"search_term_string\"}}],\"inLanguage\":\"pt-BR\"},{\"@type\":\"Organization\",\"@id\":\"https:\\\/\\\/www.wrebello.adv.br\\\/#organization\",\"name\":\"WRF Advogados\",\"url\":\"https:\\\/\\\/www.wrebello.adv.br\\\/\",\"logo\":{\"@type\":\"ImageObject\",\"inLanguage\":\"pt-BR\",\"@id\":\"https:\\\/\\\/www.wrebello.adv.br\\\/#\\\/schema\\\/logo\\\/image\\\/\",\"url\":\"https:\\\/\\\/i0.wp.com\\\/www.wrebello.adv.br\\\/wp-content\\\/uploads\\\/2023\\\/08\\\/Logo-WRF.png?fit=971%2C285&ssl=1\",\"contentUrl\":\"https:\\\/\\\/i0.wp.com\\\/www.wrebello.adv.br\\\/wp-content\\\/uploads\\\/2023\\\/08\\\/Logo-WRF.png?fit=971%2C285&ssl=1\",\"width\":971,\"height\":285,\"caption\":\"WRF Advogados\"},\"image\":{\"@id\":\"https:\\\/\\\/www.wrebello.adv.br\\\/#\\\/schema\\\/logo\\\/image\\\/\"}},{\"@type\":\"Person\",\"@id\":\"https:\\\/\\\/www.wrebello.adv.br\\\/#\\\/schema\\\/person\\\/1354a1233f528dee48d7c75916285c15\",\"name\":\"Advogado\",\"image\":{\"@type\":\"ImageObject\",\"inLanguage\":\"pt-BR\",\"@id\":\"https:\\\/\\\/secure.gravatar.com\\\/avatar\\\/1c96e99cc473b8d15e1cc00dd69110fa12331489c72dc34679dc6cfae0019038?s=96&d=mm&r=g\",\"url\":\"https:\\\/\\\/secure.gravatar.com\\\/avatar\\\/1c96e99cc473b8d15e1cc00dd69110fa12331489c72dc34679dc6cfae0019038?s=96&d=mm&r=g\",\"contentUrl\":\"https:\\\/\\\/secure.gravatar.com\\\/avatar\\\/1c96e99cc473b8d15e1cc00dd69110fa12331489c72dc34679dc6cfae0019038?s=96&d=mm&r=g\",\"caption\":\"Advogado\"},\"sameAs\":[\"https:\\\/\\\/www.artifices.com.br\\\/wrebello\"],\"url\":\"https:\\\/\\\/www.wrebello.adv.br\\\/index.php\\\/author\\\/advogado\\\/\"}]}<\/script>\n<!-- \/ Yoast SEO plugin. -->","yoast_head_json":{"title":"Sobre o dia 10 de dezembro de 2018: - WRF Advogados","robots":{"index":"index","follow":"follow","max-snippet":"max-snippet:-1","max-image-preview":"max-image-preview:large","max-video-preview":"max-video-preview:-1"},"canonical":"https:\/\/www.wrebello.adv.br\/index.php\/2023\/09\/04\/sobre-o-dia-10-de-dezembro-de-2018\/","og_locale":"pt_BR","og_type":"article","og_title":"Sobre o dia 10 de dezembro de 2018: - WRF Advogados","og_description":"70 anos da Declara\u00e7\u00e3o Universal dos Direitos Humanos","og_url":"https:\/\/www.wrebello.adv.br\/index.php\/2023\/09\/04\/sobre-o-dia-10-de-dezembro-de-2018\/","og_site_name":"WRF Advogados","article_published_time":"2023-09-05T00:33:00+00:00","article_modified_time":"2023-09-12T23:10:47+00:00","og_image":[{"width":2560,"height":1707,"url":"https:\/\/www.wrebello.adv.br\/wp-content\/uploads\/2023\/09\/pessoas-tendo-um-protesto-pelo-dia-mundial-do-meio-ambiente-scaled.jpg","type":"image\/jpeg"}],"author":"Advogado","twitter_card":"summary_large_image","twitter_misc":{"Escrito por":"Advogado","Est. tempo de leitura":"1 minuto"},"schema":{"@context":"https:\/\/schema.org","@graph":[{"@type":"Article","@id":"https:\/\/www.wrebello.adv.br\/index.php\/2023\/09\/04\/sobre-o-dia-10-de-dezembro-de-2018\/#article","isPartOf":{"@id":"https:\/\/www.wrebello.adv.br\/index.php\/2023\/09\/04\/sobre-o-dia-10-de-dezembro-de-2018\/"},"author":{"name":"Advogado","@id":"https:\/\/www.wrebello.adv.br\/#\/schema\/person\/1354a1233f528dee48d7c75916285c15"},"headline":"Sobre o dia 10 de dezembro de 2018:","datePublished":"2023-09-05T00:33:00+00:00","dateModified":"2023-09-12T23:10:47+00:00","mainEntityOfPage":{"@id":"https:\/\/www.wrebello.adv.br\/index.php\/2023\/09\/04\/sobre-o-dia-10-de-dezembro-de-2018\/"},"wordCount":268,"commentCount":0,"publisher":{"@id":"https:\/\/www.wrebello.adv.br\/#organization"},"image":{"@id":"https:\/\/www.wrebello.adv.br\/index.php\/2023\/09\/04\/sobre-o-dia-10-de-dezembro-de-2018\/#primaryimage"},"thumbnailUrl":"https:\/\/i0.wp.com\/www.wrebello.adv.br\/wp-content\/uploads\/2023\/09\/pessoas-tendo-um-protesto-pelo-dia-mundial-do-meio-ambiente-scaled.jpg?fit=2560%2C1707&ssl=1","keywords":["Constitui\u00e7\u00e3o Federal","Direitos Humanos"],"inLanguage":"pt-BR","potentialAction":[{"@type":"CommentAction","name":"Comment","target":["https:\/\/www.wrebello.adv.br\/index.php\/2023\/09\/04\/sobre-o-dia-10-de-dezembro-de-2018\/#respond"]}]},{"@type":"WebPage","@id":"https:\/\/www.wrebello.adv.br\/index.php\/2023\/09\/04\/sobre-o-dia-10-de-dezembro-de-2018\/","url":"https:\/\/www.wrebello.adv.br\/index.php\/2023\/09\/04\/sobre-o-dia-10-de-dezembro-de-2018\/","name":"Sobre o dia 10 de dezembro de 2018: - WRF Advogados","isPartOf":{"@id":"https:\/\/www.wrebello.adv.br\/#website"},"primaryImageOfPage":{"@id":"https:\/\/www.wrebello.adv.br\/index.php\/2023\/09\/04\/sobre-o-dia-10-de-dezembro-de-2018\/#primaryimage"},"image":{"@id":"https:\/\/www.wrebello.adv.br\/index.php\/2023\/09\/04\/sobre-o-dia-10-de-dezembro-de-2018\/#primaryimage"},"thumbnailUrl":"https:\/\/i0.wp.com\/www.wrebello.adv.br\/wp-content\/uploads\/2023\/09\/pessoas-tendo-um-protesto-pelo-dia-mundial-do-meio-ambiente-scaled.jpg?fit=2560%2C1707&ssl=1","datePublished":"2023-09-05T00:33:00+00:00","dateModified":"2023-09-12T23:10:47+00:00","breadcrumb":{"@id":"https:\/\/www.wrebello.adv.br\/index.php\/2023\/09\/04\/sobre-o-dia-10-de-dezembro-de-2018\/#breadcrumb"},"inLanguage":"pt-BR","potentialAction":[{"@type":"ReadAction","target":["https:\/\/www.wrebello.adv.br\/index.php\/2023\/09\/04\/sobre-o-dia-10-de-dezembro-de-2018\/"]}]},{"@type":"ImageObject","inLanguage":"pt-BR","@id":"https:\/\/www.wrebello.adv.br\/index.php\/2023\/09\/04\/sobre-o-dia-10-de-dezembro-de-2018\/#primaryimage","url":"https:\/\/i0.wp.com\/www.wrebello.adv.br\/wp-content\/uploads\/2023\/09\/pessoas-tendo-um-protesto-pelo-dia-mundial-do-meio-ambiente-scaled.jpg?fit=2560%2C1707&ssl=1","contentUrl":"https:\/\/i0.wp.com\/www.wrebello.adv.br\/wp-content\/uploads\/2023\/09\/pessoas-tendo-um-protesto-pelo-dia-mundial-do-meio-ambiente-scaled.jpg?fit=2560%2C1707&ssl=1","width":2560,"height":1707,"caption":"Fonte: https:\/\/br.freepik.com\/fotos-gratis\/pessoas-tendo-um-protesto-pelo-dia-mundial-do-meio-ambiente_24749032.htm#query=direitos%20humanos%20lei&position=10&from_view=search&track=ais"},{"@type":"BreadcrumbList","@id":"https:\/\/www.wrebello.adv.br\/index.php\/2023\/09\/04\/sobre-o-dia-10-de-dezembro-de-2018\/#breadcrumb","itemListElement":[{"@type":"ListItem","position":1,"name":"In\u00edcio","item":"https:\/\/www.wrebello.adv.br\/"},{"@type":"ListItem","position":2,"name":"Sobre o dia 10 de dezembro de 2018:"}]},{"@type":"WebSite","@id":"https:\/\/www.wrebello.adv.br\/#website","url":"https:\/\/www.wrebello.adv.br\/","name":"WRF Advogados","description":"O Escrit\u00f3rio Wanderley Rebello Filho &amp; Advogados tem experi\u00eancia tanto na \u00e1rea contenciosa, quanto na consultiva.","publisher":{"@id":"https:\/\/www.wrebello.adv.br\/#organization"},"potentialAction":[{"@type":"SearchAction","target":{"@type":"EntryPoint","urlTemplate":"https:\/\/www.wrebello.adv.br\/?s={search_term_string}"},"query-input":{"@type":"PropertyValueSpecification","valueRequired":true,"valueName":"search_term_string"}}],"inLanguage":"pt-BR"},{"@type":"Organization","@id":"https:\/\/www.wrebello.adv.br\/#organization","name":"WRF Advogados","url":"https:\/\/www.wrebello.adv.br\/","logo":{"@type":"ImageObject","inLanguage":"pt-BR","@id":"https:\/\/www.wrebello.adv.br\/#\/schema\/logo\/image\/","url":"https:\/\/i0.wp.com\/www.wrebello.adv.br\/wp-content\/uploads\/2023\/08\/Logo-WRF.png?fit=971%2C285&ssl=1","contentUrl":"https:\/\/i0.wp.com\/www.wrebello.adv.br\/wp-content\/uploads\/2023\/08\/Logo-WRF.png?fit=971%2C285&ssl=1","width":971,"height":285,"caption":"WRF Advogados"},"image":{"@id":"https:\/\/www.wrebello.adv.br\/#\/schema\/logo\/image\/"}},{"@type":"Person","@id":"https:\/\/www.wrebello.adv.br\/#\/schema\/person\/1354a1233f528dee48d7c75916285c15","name":"Advogado","image":{"@type":"ImageObject","inLanguage":"pt-BR","@id":"https:\/\/secure.gravatar.com\/avatar\/1c96e99cc473b8d15e1cc00dd69110fa12331489c72dc34679dc6cfae0019038?s=96&d=mm&r=g","url":"https:\/\/secure.gravatar.com\/avatar\/1c96e99cc473b8d15e1cc00dd69110fa12331489c72dc34679dc6cfae0019038?s=96&d=mm&r=g","contentUrl":"https:\/\/secure.gravatar.com\/avatar\/1c96e99cc473b8d15e1cc00dd69110fa12331489c72dc34679dc6cfae0019038?s=96&d=mm&r=g","caption":"Advogado"},"sameAs":["https:\/\/www.artifices.com.br\/wrebello"],"url":"https:\/\/www.wrebello.adv.br\/index.php\/author\/advogado\/"}]}},"jetpack_featured_media_url":"https:\/\/i0.wp.com\/www.wrebello.adv.br\/wp-content\/uploads\/2023\/09\/pessoas-tendo-um-protesto-pelo-dia-mundial-do-meio-ambiente-scaled.jpg?fit=2560%2C1707&ssl=1","jetpack-related-posts":[],"jetpack_sharing_enabled":true,"_links":{"self":[{"href":"https:\/\/www.wrebello.adv.br\/index.php\/wp-json\/wp\/v2\/posts\/93","targetHints":{"allow":["GET"]}}],"collection":[{"href":"https:\/\/www.wrebello.adv.br\/index.php\/wp-json\/wp\/v2\/posts"}],"about":[{"href":"https:\/\/www.wrebello.adv.br\/index.php\/wp-json\/wp\/v2\/types\/post"}],"author":[{"embeddable":true,"href":"https:\/\/www.wrebello.adv.br\/index.php\/wp-json\/wp\/v2\/users\/1"}],"replies":[{"embeddable":true,"href":"https:\/\/www.wrebello.adv.br\/index.php\/wp-json\/wp\/v2\/comments?post=93"}],"version-history":[{"count":6,"href":"https:\/\/www.wrebello.adv.br\/index.php\/wp-json\/wp\/v2\/posts\/93\/revisions"}],"predecessor-version":[{"id":184,"href":"https:\/\/www.wrebello.adv.br\/index.php\/wp-json\/wp\/v2\/posts\/93\/revisions\/184"}],"wp:featuredmedia":[{"embeddable":true,"href":"https:\/\/www.wrebello.adv.br\/index.php\/wp-json\/wp\/v2\/media\/173"}],"wp:attachment":[{"href":"https:\/\/www.wrebello.adv.br\/index.php\/wp-json\/wp\/v2\/media?parent=93"}],"wp:term":[{"taxonomy":"category","embeddable":true,"href":"https:\/\/www.wrebello.adv.br\/index.php\/wp-json\/wp\/v2\/categories?post=93"},{"taxonomy":"post_tag","embeddable":true,"href":"https:\/\/www.wrebello.adv.br\/index.php\/wp-json\/wp\/v2\/tags?post=93"}],"curies":[{"name":"wp","href":"https:\/\/api.w.org\/{rel}","templated":true}]}}