{"id":97,"date":"2023-09-04T21:31:00","date_gmt":"2023-09-05T00:31:00","guid":{"rendered":"https:\/\/www.artifices.com.br\/wrebello\/?p=97"},"modified":"2023-09-21T09:06:14","modified_gmt":"2023-09-21T12:06:14","slug":"a-tragedia-de-brumadinho","status":"publish","type":"post","link":"https:\/\/www.wrebello.adv.br\/index.php\/2023\/09\/04\/a-tragedia-de-brumadinho\/","title":{"rendered":"A trag\u00e9dia de Brumadinho"},"content":{"rendered":"\n<p>A trag\u00e9dia de&nbsp;Brumadinho&nbsp;nos assombra, e nos revela que neste Pa\u00eds ainda n\u00e3o temos nada: n\u00e3o temos sa\u00fade, nem educa\u00e7\u00e3o, nem seguran\u00e7a, nem respeito, nem dignidade. Mas temos muita, muita gan\u00e2ncia e corrup\u00e7\u00e3o, estas de sobra. As destrui\u00e7\u00f5es, devasta\u00e7\u00f5es e mortes decorrentes de uma pol\u00edtica desinteressada e afastada das preocupa\u00e7\u00f5es sociais, e indiferente ao bem-estar e \u00e0 seguran\u00e7a do povo, assumiu propor\u00e7\u00f5es fant\u00e1sticas nos casos da&nbsp;Samarco&nbsp;em Mariana, e da Vale em Brumadinho. Samarco e Vale, tudo a mesma merda! As dimens\u00f5es destas cat\u00e1strofes revelam a aberra\u00e7\u00e3o da enorme impunidade que joga o nosso Pa\u00eds \u201cna lama\u201d das injusti\u00e7as, da vileza, da tirania e das desgra\u00e7as sem fim. E os respons\u00e1veis n\u00e3o pagam multas, e ainda fazem acordos esp\u00farios na justi\u00e7a, enquanto as v\u00edtimas sofrem e esperam, e esperam e sofrem. Nossa \u201cjusti\u00e7a\u201d \u00e9 subserviente aos ricos e poderosos, e principalmente a estas empresas ainda mais ricas e poderosas: vimos muito disto nos \u00faltimos anos! Em breve os her\u00f3is que se preocupam com a vida, e se afundam na lama, v\u00e3o se arriscar para encontrar outros corpos! E os bandidos respons\u00e1veis pelos crimes ambientais e de homic\u00eddio, que vivem na lama, inclu\u00eddos aqui empres\u00e1rios abjetos e autoridades vendidas (de todos os poderes), v\u00e3o viajar, no carnaval, para usarem um pouco do dinheiro do povo que eles roubam e matam, por a\u00e7\u00e3o e por omiss\u00e3o. Muita indigna\u00e7\u00e3o e muito nojo!<\/p>\n\n\n\n<p><strong>Wanderley Rebello Filho \u2013<\/strong><\/p>\n\n\n\n<p><strong>Advogado e Conselheiro da OAB\/RJ.<\/strong><\/p>\n","protected":false},"excerpt":{"rendered":"<p>Uma reflex\u00e3o sobre a trag\u00e9dia no munic\u00edpio de Minas Gerais<\/p>\n","protected":false},"author":1,"featured_media":371,"comment_status":"open","ping_status":"open","sticky":false,"template":"","format":"standard","meta":{"jetpack_post_was_ever_published":false,"_jetpack_newsletter_access":"","_jetpack_dont_email_post_to_subs":false,"_jetpack_newsletter_tier_id":0,"_jetpack_memberships_contains_paywalled_content":false,"_jetpack_memberships_contains_paid_content":false,"footnotes":""},"categories":[1],"tags":[18,17],"class_list":["post-97","post","type-post","status-publish","format-standard","has-post-thumbnail","hentry","category-sem-categoria","tag-brumadinho","tag-reflexao"],"yoast_head":"<!-- This site is optimized with the Yoast SEO plugin v27.3 - https:\/\/yoast.com\/product\/yoast-seo-wordpress\/ -->\n<title>A trag\u00e9dia de Brumadinho - WRF Advogados<\/title>\n<meta name=\"robots\" content=\"index, follow, max-snippet:-1, max-image-preview:large, max-video-preview:-1\" \/>\n<link rel=\"canonical\" href=\"https:\/\/www.wrebello.adv.br\/index.php\/2023\/09\/04\/a-tragedia-de-brumadinho\/\" \/>\n<meta property=\"og:locale\" content=\"pt_BR\" \/>\n<meta property=\"og:type\" content=\"article\" \/>\n<meta property=\"og:title\" content=\"A trag\u00e9dia de Brumadinho - WRF Advogados\" \/>\n<meta property=\"og:description\" content=\"Uma reflex\u00e3o sobre a trag\u00e9dia no munic\u00edpio de Minas Gerais\" \/>\n<meta property=\"og:url\" content=\"https:\/\/www.wrebello.adv.br\/index.php\/2023\/09\/04\/a-tragedia-de-brumadinho\/\" \/>\n<meta property=\"og:site_name\" content=\"WRF Advogados\" \/>\n<meta property=\"article:published_time\" content=\"2023-09-05T00:31:00+00:00\" \/>\n<meta property=\"article:modified_time\" content=\"2023-09-21T12:06:14+00:00\" \/>\n<meta property=\"og:image\" content=\"https:\/\/www.wrebello.adv.br\/wp-content\/uploads\/2023\/09\/000-1cq6gz.webp\" \/>\n\t<meta property=\"og:image:width\" content=\"1008\" \/>\n\t<meta property=\"og:image:height\" content=\"673\" \/>\n\t<meta property=\"og:image:type\" content=\"image\/webp\" \/>\n<meta name=\"author\" content=\"Advogado\" \/>\n<meta name=\"twitter:card\" content=\"summary_large_image\" \/>\n<meta name=\"twitter:label1\" content=\"Escrito por\" \/>\n\t<meta name=\"twitter:data1\" content=\"Advogado\" \/>\n\t<meta name=\"twitter:label2\" content=\"Est. tempo de leitura\" \/>\n\t<meta name=\"twitter:data2\" content=\"1 minuto\" \/>\n<script type=\"application\/ld+json\" class=\"yoast-schema-graph\">{\"@context\":\"https:\\\/\\\/schema.org\",\"@graph\":[{\"@type\":\"Article\",\"@id\":\"https:\\\/\\\/www.wrebello.adv.br\\\/index.php\\\/2023\\\/09\\\/04\\\/a-tragedia-de-brumadinho\\\/#article\",\"isPartOf\":{\"@id\":\"https:\\\/\\\/www.wrebello.adv.br\\\/index.php\\\/2023\\\/09\\\/04\\\/a-tragedia-de-brumadinho\\\/\"},\"author\":{\"name\":\"Advogado\",\"@id\":\"https:\\\/\\\/www.wrebello.adv.br\\\/#\\\/schema\\\/person\\\/1354a1233f528dee48d7c75916285c15\"},\"headline\":\"A trag\u00e9dia de Brumadinho\",\"datePublished\":\"2023-09-05T00:31:00+00:00\",\"dateModified\":\"2023-09-21T12:06:14+00:00\",\"mainEntityOfPage\":{\"@id\":\"https:\\\/\\\/www.wrebello.adv.br\\\/index.php\\\/2023\\\/09\\\/04\\\/a-tragedia-de-brumadinho\\\/\"},\"wordCount\":285,\"commentCount\":0,\"publisher\":{\"@id\":\"https:\\\/\\\/www.wrebello.adv.br\\\/#organization\"},\"image\":{\"@id\":\"https:\\\/\\\/www.wrebello.adv.br\\\/index.php\\\/2023\\\/09\\\/04\\\/a-tragedia-de-brumadinho\\\/#primaryimage\"},\"thumbnailUrl\":\"https:\\\/\\\/i0.wp.com\\\/www.wrebello.adv.br\\\/wp-content\\\/uploads\\\/2023\\\/09\\\/000-1cq6gz.webp?fit=1008%2C673&ssl=1\",\"keywords\":[\"Brumadinho\",\"Reflex\u00e3o\"],\"inLanguage\":\"pt-BR\",\"potentialAction\":[{\"@type\":\"CommentAction\",\"name\":\"Comment\",\"target\":[\"https:\\\/\\\/www.wrebello.adv.br\\\/index.php\\\/2023\\\/09\\\/04\\\/a-tragedia-de-brumadinho\\\/#respond\"]}]},{\"@type\":\"WebPage\",\"@id\":\"https:\\\/\\\/www.wrebello.adv.br\\\/index.php\\\/2023\\\/09\\\/04\\\/a-tragedia-de-brumadinho\\\/\",\"url\":\"https:\\\/\\\/www.wrebello.adv.br\\\/index.php\\\/2023\\\/09\\\/04\\\/a-tragedia-de-brumadinho\\\/\",\"name\":\"A trag\u00e9dia de Brumadinho - WRF Advogados\",\"isPartOf\":{\"@id\":\"https:\\\/\\\/www.wrebello.adv.br\\\/#website\"},\"primaryImageOfPage\":{\"@id\":\"https:\\\/\\\/www.wrebello.adv.br\\\/index.php\\\/2023\\\/09\\\/04\\\/a-tragedia-de-brumadinho\\\/#primaryimage\"},\"image\":{\"@id\":\"https:\\\/\\\/www.wrebello.adv.br\\\/index.php\\\/2023\\\/09\\\/04\\\/a-tragedia-de-brumadinho\\\/#primaryimage\"},\"thumbnailUrl\":\"https:\\\/\\\/i0.wp.com\\\/www.wrebello.adv.br\\\/wp-content\\\/uploads\\\/2023\\\/09\\\/000-1cq6gz.webp?fit=1008%2C673&ssl=1\",\"datePublished\":\"2023-09-05T00:31:00+00:00\",\"dateModified\":\"2023-09-21T12:06:14+00:00\",\"breadcrumb\":{\"@id\":\"https:\\\/\\\/www.wrebello.adv.br\\\/index.php\\\/2023\\\/09\\\/04\\\/a-tragedia-de-brumadinho\\\/#breadcrumb\"},\"inLanguage\":\"pt-BR\",\"potentialAction\":[{\"@type\":\"ReadAction\",\"target\":[\"https:\\\/\\\/www.wrebello.adv.br\\\/index.php\\\/2023\\\/09\\\/04\\\/a-tragedia-de-brumadinho\\\/\"]}]},{\"@type\":\"ImageObject\",\"inLanguage\":\"pt-BR\",\"@id\":\"https:\\\/\\\/www.wrebello.adv.br\\\/index.php\\\/2023\\\/09\\\/04\\\/a-tragedia-de-brumadinho\\\/#primaryimage\",\"url\":\"https:\\\/\\\/i0.wp.com\\\/www.wrebello.adv.br\\\/wp-content\\\/uploads\\\/2023\\\/09\\\/000-1cq6gz.webp?fit=1008%2C673&ssl=1\",\"contentUrl\":\"https:\\\/\\\/i0.wp.com\\\/www.wrebello.adv.br\\\/wp-content\\\/uploads\\\/2023\\\/09\\\/000-1cq6gz.webp?fit=1008%2C673&ssl=1\",\"width\":1008,\"height\":673,\"caption\":\"Bombeiros procuram por corpos na regi\u00e3o do C\u00f3rrego do Feij\u00e3o em Brumadinho, dois dias depois do rompimento da barragem da Vale em Brumadinho \u2014 Foto: Douglas Magno\\\/AFP\"},{\"@type\":\"BreadcrumbList\",\"@id\":\"https:\\\/\\\/www.wrebello.adv.br\\\/index.php\\\/2023\\\/09\\\/04\\\/a-tragedia-de-brumadinho\\\/#breadcrumb\",\"itemListElement\":[{\"@type\":\"ListItem\",\"position\":1,\"name\":\"In\u00edcio\",\"item\":\"https:\\\/\\\/www.wrebello.adv.br\\\/\"},{\"@type\":\"ListItem\",\"position\":2,\"name\":\"A trag\u00e9dia de Brumadinho\"}]},{\"@type\":\"WebSite\",\"@id\":\"https:\\\/\\\/www.wrebello.adv.br\\\/#website\",\"url\":\"https:\\\/\\\/www.wrebello.adv.br\\\/\",\"name\":\"WRF Advogados\",\"description\":\"O Escrit\u00f3rio Wanderley Rebello Filho &amp; Advogados tem experi\u00eancia tanto na \u00e1rea contenciosa, quanto na consultiva.\",\"publisher\":{\"@id\":\"https:\\\/\\\/www.wrebello.adv.br\\\/#organization\"},\"potentialAction\":[{\"@type\":\"SearchAction\",\"target\":{\"@type\":\"EntryPoint\",\"urlTemplate\":\"https:\\\/\\\/www.wrebello.adv.br\\\/?s={search_term_string}\"},\"query-input\":{\"@type\":\"PropertyValueSpecification\",\"valueRequired\":true,\"valueName\":\"search_term_string\"}}],\"inLanguage\":\"pt-BR\"},{\"@type\":\"Organization\",\"@id\":\"https:\\\/\\\/www.wrebello.adv.br\\\/#organization\",\"name\":\"WRF Advogados\",\"url\":\"https:\\\/\\\/www.wrebello.adv.br\\\/\",\"logo\":{\"@type\":\"ImageObject\",\"inLanguage\":\"pt-BR\",\"@id\":\"https:\\\/\\\/www.wrebello.adv.br\\\/#\\\/schema\\\/logo\\\/image\\\/\",\"url\":\"https:\\\/\\\/i0.wp.com\\\/www.wrebello.adv.br\\\/wp-content\\\/uploads\\\/2023\\\/08\\\/Logo-WRF.png?fit=971%2C285&ssl=1\",\"contentUrl\":\"https:\\\/\\\/i0.wp.com\\\/www.wrebello.adv.br\\\/wp-content\\\/uploads\\\/2023\\\/08\\\/Logo-WRF.png?fit=971%2C285&ssl=1\",\"width\":971,\"height\":285,\"caption\":\"WRF Advogados\"},\"image\":{\"@id\":\"https:\\\/\\\/www.wrebello.adv.br\\\/#\\\/schema\\\/logo\\\/image\\\/\"}},{\"@type\":\"Person\",\"@id\":\"https:\\\/\\\/www.wrebello.adv.br\\\/#\\\/schema\\\/person\\\/1354a1233f528dee48d7c75916285c15\",\"name\":\"Advogado\",\"image\":{\"@type\":\"ImageObject\",\"inLanguage\":\"pt-BR\",\"@id\":\"https:\\\/\\\/secure.gravatar.com\\\/avatar\\\/1c96e99cc473b8d15e1cc00dd69110fa12331489c72dc34679dc6cfae0019038?s=96&d=mm&r=g\",\"url\":\"https:\\\/\\\/secure.gravatar.com\\\/avatar\\\/1c96e99cc473b8d15e1cc00dd69110fa12331489c72dc34679dc6cfae0019038?s=96&d=mm&r=g\",\"contentUrl\":\"https:\\\/\\\/secure.gravatar.com\\\/avatar\\\/1c96e99cc473b8d15e1cc00dd69110fa12331489c72dc34679dc6cfae0019038?s=96&d=mm&r=g\",\"caption\":\"Advogado\"},\"sameAs\":[\"https:\\\/\\\/www.artifices.com.br\\\/wrebello\"],\"url\":\"https:\\\/\\\/www.wrebello.adv.br\\\/index.php\\\/author\\\/advogado\\\/\"}]}<\/script>\n<!-- \/ Yoast SEO plugin. -->","yoast_head_json":{"title":"A trag\u00e9dia de Brumadinho - WRF Advogados","robots":{"index":"index","follow":"follow","max-snippet":"max-snippet:-1","max-image-preview":"max-image-preview:large","max-video-preview":"max-video-preview:-1"},"canonical":"https:\/\/www.wrebello.adv.br\/index.php\/2023\/09\/04\/a-tragedia-de-brumadinho\/","og_locale":"pt_BR","og_type":"article","og_title":"A trag\u00e9dia de Brumadinho - WRF Advogados","og_description":"Uma reflex\u00e3o sobre a trag\u00e9dia no munic\u00edpio de Minas Gerais","og_url":"https:\/\/www.wrebello.adv.br\/index.php\/2023\/09\/04\/a-tragedia-de-brumadinho\/","og_site_name":"WRF Advogados","article_published_time":"2023-09-05T00:31:00+00:00","article_modified_time":"2023-09-21T12:06:14+00:00","og_image":[{"width":1008,"height":673,"url":"https:\/\/www.wrebello.adv.br\/wp-content\/uploads\/2023\/09\/000-1cq6gz.webp","type":"image\/webp"}],"author":"Advogado","twitter_card":"summary_large_image","twitter_misc":{"Escrito por":"Advogado","Est. tempo de leitura":"1 minuto"},"schema":{"@context":"https:\/\/schema.org","@graph":[{"@type":"Article","@id":"https:\/\/www.wrebello.adv.br\/index.php\/2023\/09\/04\/a-tragedia-de-brumadinho\/#article","isPartOf":{"@id":"https:\/\/www.wrebello.adv.br\/index.php\/2023\/09\/04\/a-tragedia-de-brumadinho\/"},"author":{"name":"Advogado","@id":"https:\/\/www.wrebello.adv.br\/#\/schema\/person\/1354a1233f528dee48d7c75916285c15"},"headline":"A trag\u00e9dia de Brumadinho","datePublished":"2023-09-05T00:31:00+00:00","dateModified":"2023-09-21T12:06:14+00:00","mainEntityOfPage":{"@id":"https:\/\/www.wrebello.adv.br\/index.php\/2023\/09\/04\/a-tragedia-de-brumadinho\/"},"wordCount":285,"commentCount":0,"publisher":{"@id":"https:\/\/www.wrebello.adv.br\/#organization"},"image":{"@id":"https:\/\/www.wrebello.adv.br\/index.php\/2023\/09\/04\/a-tragedia-de-brumadinho\/#primaryimage"},"thumbnailUrl":"https:\/\/i0.wp.com\/www.wrebello.adv.br\/wp-content\/uploads\/2023\/09\/000-1cq6gz.webp?fit=1008%2C673&ssl=1","keywords":["Brumadinho","Reflex\u00e3o"],"inLanguage":"pt-BR","potentialAction":[{"@type":"CommentAction","name":"Comment","target":["https:\/\/www.wrebello.adv.br\/index.php\/2023\/09\/04\/a-tragedia-de-brumadinho\/#respond"]}]},{"@type":"WebPage","@id":"https:\/\/www.wrebello.adv.br\/index.php\/2023\/09\/04\/a-tragedia-de-brumadinho\/","url":"https:\/\/www.wrebello.adv.br\/index.php\/2023\/09\/04\/a-tragedia-de-brumadinho\/","name":"A trag\u00e9dia de Brumadinho - WRF Advogados","isPartOf":{"@id":"https:\/\/www.wrebello.adv.br\/#website"},"primaryImageOfPage":{"@id":"https:\/\/www.wrebello.adv.br\/index.php\/2023\/09\/04\/a-tragedia-de-brumadinho\/#primaryimage"},"image":{"@id":"https:\/\/www.wrebello.adv.br\/index.php\/2023\/09\/04\/a-tragedia-de-brumadinho\/#primaryimage"},"thumbnailUrl":"https:\/\/i0.wp.com\/www.wrebello.adv.br\/wp-content\/uploads\/2023\/09\/000-1cq6gz.webp?fit=1008%2C673&ssl=1","datePublished":"2023-09-05T00:31:00+00:00","dateModified":"2023-09-21T12:06:14+00:00","breadcrumb":{"@id":"https:\/\/www.wrebello.adv.br\/index.php\/2023\/09\/04\/a-tragedia-de-brumadinho\/#breadcrumb"},"inLanguage":"pt-BR","potentialAction":[{"@type":"ReadAction","target":["https:\/\/www.wrebello.adv.br\/index.php\/2023\/09\/04\/a-tragedia-de-brumadinho\/"]}]},{"@type":"ImageObject","inLanguage":"pt-BR","@id":"https:\/\/www.wrebello.adv.br\/index.php\/2023\/09\/04\/a-tragedia-de-brumadinho\/#primaryimage","url":"https:\/\/i0.wp.com\/www.wrebello.adv.br\/wp-content\/uploads\/2023\/09\/000-1cq6gz.webp?fit=1008%2C673&ssl=1","contentUrl":"https:\/\/i0.wp.com\/www.wrebello.adv.br\/wp-content\/uploads\/2023\/09\/000-1cq6gz.webp?fit=1008%2C673&ssl=1","width":1008,"height":673,"caption":"Bombeiros procuram por corpos na regi\u00e3o do C\u00f3rrego do Feij\u00e3o em Brumadinho, dois dias depois do rompimento da barragem da Vale em Brumadinho \u2014 Foto: Douglas Magno\/AFP"},{"@type":"BreadcrumbList","@id":"https:\/\/www.wrebello.adv.br\/index.php\/2023\/09\/04\/a-tragedia-de-brumadinho\/#breadcrumb","itemListElement":[{"@type":"ListItem","position":1,"name":"In\u00edcio","item":"https:\/\/www.wrebello.adv.br\/"},{"@type":"ListItem","position":2,"name":"A trag\u00e9dia de Brumadinho"}]},{"@type":"WebSite","@id":"https:\/\/www.wrebello.adv.br\/#website","url":"https:\/\/www.wrebello.adv.br\/","name":"WRF Advogados","description":"O Escrit\u00f3rio Wanderley Rebello Filho &amp; Advogados tem experi\u00eancia tanto na \u00e1rea contenciosa, quanto na consultiva.","publisher":{"@id":"https:\/\/www.wrebello.adv.br\/#organization"},"potentialAction":[{"@type":"SearchAction","target":{"@type":"EntryPoint","urlTemplate":"https:\/\/www.wrebello.adv.br\/?s={search_term_string}"},"query-input":{"@type":"PropertyValueSpecification","valueRequired":true,"valueName":"search_term_string"}}],"inLanguage":"pt-BR"},{"@type":"Organization","@id":"https:\/\/www.wrebello.adv.br\/#organization","name":"WRF Advogados","url":"https:\/\/www.wrebello.adv.br\/","logo":{"@type":"ImageObject","inLanguage":"pt-BR","@id":"https:\/\/www.wrebello.adv.br\/#\/schema\/logo\/image\/","url":"https:\/\/i0.wp.com\/www.wrebello.adv.br\/wp-content\/uploads\/2023\/08\/Logo-WRF.png?fit=971%2C285&ssl=1","contentUrl":"https:\/\/i0.wp.com\/www.wrebello.adv.br\/wp-content\/uploads\/2023\/08\/Logo-WRF.png?fit=971%2C285&ssl=1","width":971,"height":285,"caption":"WRF Advogados"},"image":{"@id":"https:\/\/www.wrebello.adv.br\/#\/schema\/logo\/image\/"}},{"@type":"Person","@id":"https:\/\/www.wrebello.adv.br\/#\/schema\/person\/1354a1233f528dee48d7c75916285c15","name":"Advogado","image":{"@type":"ImageObject","inLanguage":"pt-BR","@id":"https:\/\/secure.gravatar.com\/avatar\/1c96e99cc473b8d15e1cc00dd69110fa12331489c72dc34679dc6cfae0019038?s=96&d=mm&r=g","url":"https:\/\/secure.gravatar.com\/avatar\/1c96e99cc473b8d15e1cc00dd69110fa12331489c72dc34679dc6cfae0019038?s=96&d=mm&r=g","contentUrl":"https:\/\/secure.gravatar.com\/avatar\/1c96e99cc473b8d15e1cc00dd69110fa12331489c72dc34679dc6cfae0019038?s=96&d=mm&r=g","caption":"Advogado"},"sameAs":["https:\/\/www.artifices.com.br\/wrebello"],"url":"https:\/\/www.wrebello.adv.br\/index.php\/author\/advogado\/"}]}},"jetpack_featured_media_url":"https:\/\/i0.wp.com\/www.wrebello.adv.br\/wp-content\/uploads\/2023\/09\/000-1cq6gz.webp?fit=1008%2C673&ssl=1","jetpack-related-posts":[],"jetpack_sharing_enabled":true,"_links":{"self":[{"href":"https:\/\/www.wrebello.adv.br\/index.php\/wp-json\/wp\/v2\/posts\/97","targetHints":{"allow":["GET"]}}],"collection":[{"href":"https:\/\/www.wrebello.adv.br\/index.php\/wp-json\/wp\/v2\/posts"}],"about":[{"href":"https:\/\/www.wrebello.adv.br\/index.php\/wp-json\/wp\/v2\/types\/post"}],"author":[{"embeddable":true,"href":"https:\/\/www.wrebello.adv.br\/index.php\/wp-json\/wp\/v2\/users\/1"}],"replies":[{"embeddable":true,"href":"https:\/\/www.wrebello.adv.br\/index.php\/wp-json\/wp\/v2\/comments?post=97"}],"version-history":[{"count":2,"href":"https:\/\/www.wrebello.adv.br\/index.php\/wp-json\/wp\/v2\/posts\/97\/revisions"}],"predecessor-version":[{"id":194,"href":"https:\/\/www.wrebello.adv.br\/index.php\/wp-json\/wp\/v2\/posts\/97\/revisions\/194"}],"wp:featuredmedia":[{"embeddable":true,"href":"https:\/\/www.wrebello.adv.br\/index.php\/wp-json\/wp\/v2\/media\/371"}],"wp:attachment":[{"href":"https:\/\/www.wrebello.adv.br\/index.php\/wp-json\/wp\/v2\/media?parent=97"}],"wp:term":[{"taxonomy":"category","embeddable":true,"href":"https:\/\/www.wrebello.adv.br\/index.php\/wp-json\/wp\/v2\/categories?post=97"},{"taxonomy":"post_tag","embeddable":true,"href":"https:\/\/www.wrebello.adv.br\/index.php\/wp-json\/wp\/v2\/tags?post=97"}],"curies":[{"name":"wp","href":"https:\/\/api.w.org\/{rel}","templated":true}]}}