{"id":99,"date":"2023-09-04T21:30:00","date_gmt":"2023-09-05T00:30:00","guid":{"rendered":"https:\/\/www.artifices.com.br\/wrebello\/?p=99"},"modified":"2026-04-01T11:06:38","modified_gmt":"2026-04-01T14:06:38","slug":"ainda-brumadinho","status":"publish","type":"post","link":"https:\/\/www.wrebello.adv.br\/index.php\/2023\/09\/04\/ainda-brumadinho\/","title":{"rendered":"Ainda Brumadinho"},"content":{"rendered":"\n<p>Dalai Lama nos ensinou que \u201cn\u00f3s somos a \u00fanica esp\u00e9cie com poder de destruir a Terra, e que tamb\u00e9m somos a \u00fanica capaz de proteg\u00ea-la\u201d.<\/p>\n\n\n\n<p>T\u00e9cnica e legalmente falando, tinham que estar presos todos os que&nbsp;concordaram&nbsp;com a constru\u00e7\u00e3o das barragens com alteamento \u00e0 montante, casos de Mariana e de Brumadinho, e todas as autoridades do poder p\u00fablico que deram licen\u00e7a para as referidas constru\u00e7\u00f5es. Simples assim! Com a palavra o MP!<\/p>\n\n\n\n<p>A Vale e a Samarco, e seus presidentes, diretores e gerentes, n\u00f3s j\u00e1 sabemos que est\u00e3o do lado da destrui\u00e7\u00e3o, e milhares de pol\u00edticos e de autoridades do poder p\u00fablico tamb\u00e9m!<\/p>\n\n\n\n<p>Os programas de televis\u00e3o que eu tenho visto s\u00f3 apelam para o sensacionalismo e o excesso de emo\u00e7\u00e3o, e deixam de lado a verdade abjeta, nua e crua, que envolve centenas de autoridades e de pol\u00edticos vendidos, e as dezenas de empresas de ricos e poderosos que os compram! N\u00e3o vejo seus apresentadores entrevistando estes bandidos!<\/p>\n\n\n\n<p>De que lado os produtores destes programas est\u00e3o?<\/p>\n\n\n\n<p><strong>Wanderley&nbsp;Rebello Filho \u2013<\/strong><\/p>\n\n\n\n<p><strong>Advogado e Conselheiro da OAB\/RJ.<\/strong><\/p>\n","protected":false},"excerpt":{"rendered":"<p>Uma reflex\u00e3o sobre a trag\u00e9dia no munic\u00edpio de Minas Gerais <\/p>\n","protected":false},"author":1,"featured_media":415,"comment_status":"open","ping_status":"open","sticky":false,"template":"","format":"standard","meta":{"jetpack_post_was_ever_published":false,"_jetpack_newsletter_access":"","_jetpack_dont_email_post_to_subs":false,"_jetpack_newsletter_tier_id":0,"_jetpack_memberships_contains_paywalled_content":false,"_jetpack_memberships_contains_paid_content":false,"footnotes":""},"categories":[1],"tags":[18,17],"class_list":["post-99","post","type-post","status-publish","format-standard","has-post-thumbnail","hentry","category-sem-categoria","tag-brumadinho","tag-reflexao"],"yoast_head":"<!-- This site is optimized with the Yoast SEO plugin v27.3 - https:\/\/yoast.com\/product\/yoast-seo-wordpress\/ -->\n<title>Ainda Brumadinho - WRF Advogados<\/title>\n<meta name=\"robots\" content=\"index, follow, max-snippet:-1, max-image-preview:large, max-video-preview:-1\" \/>\n<link rel=\"canonical\" href=\"https:\/\/www.wrebello.adv.br\/index.php\/2023\/09\/04\/ainda-brumadinho\/\" \/>\n<meta property=\"og:locale\" content=\"pt_BR\" \/>\n<meta property=\"og:type\" content=\"article\" \/>\n<meta property=\"og:title\" content=\"Ainda Brumadinho - WRF Advogados\" \/>\n<meta property=\"og:description\" content=\"Uma reflex\u00e3o sobre a trag\u00e9dia no munic\u00edpio de Minas Gerais\" \/>\n<meta property=\"og:url\" content=\"https:\/\/www.wrebello.adv.br\/index.php\/2023\/09\/04\/ainda-brumadinho\/\" \/>\n<meta property=\"og:site_name\" content=\"WRF Advogados\" \/>\n<meta property=\"article:published_time\" content=\"2023-09-05T00:30:00+00:00\" \/>\n<meta property=\"article:modified_time\" content=\"2026-04-01T14:06:38+00:00\" \/>\n<meta property=\"og:image\" content=\"https:\/\/www.wrebello.adv.br\/wp-content\/uploads\/2023\/09\/Brumadinho-Ainda-1024x683.png\" \/>\n\t<meta property=\"og:image:width\" content=\"1024\" \/>\n\t<meta property=\"og:image:height\" content=\"683\" \/>\n\t<meta property=\"og:image:type\" content=\"image\/png\" \/>\n<meta name=\"author\" content=\"Advogado\" \/>\n<meta name=\"twitter:card\" content=\"summary_large_image\" \/>\n<meta name=\"twitter:label1\" content=\"Escrito por\" \/>\n\t<meta name=\"twitter:data1\" content=\"Advogado\" \/>\n\t<meta name=\"twitter:label2\" content=\"Est. tempo de leitura\" \/>\n\t<meta name=\"twitter:data2\" content=\"2 minutos\" \/>\n<script type=\"application\/ld+json\" class=\"yoast-schema-graph\">{\"@context\":\"https:\\\/\\\/schema.org\",\"@graph\":[{\"@type\":\"Article\",\"@id\":\"https:\\\/\\\/www.wrebello.adv.br\\\/index.php\\\/2023\\\/09\\\/04\\\/ainda-brumadinho\\\/#article\",\"isPartOf\":{\"@id\":\"https:\\\/\\\/www.wrebello.adv.br\\\/index.php\\\/2023\\\/09\\\/04\\\/ainda-brumadinho\\\/\"},\"author\":{\"name\":\"Advogado\",\"@id\":\"https:\\\/\\\/www.wrebello.adv.br\\\/#\\\/schema\\\/person\\\/1354a1233f528dee48d7c75916285c15\"},\"headline\":\"Ainda Brumadinho\",\"datePublished\":\"2023-09-05T00:30:00+00:00\",\"dateModified\":\"2026-04-01T14:06:38+00:00\",\"mainEntityOfPage\":{\"@id\":\"https:\\\/\\\/www.wrebello.adv.br\\\/index.php\\\/2023\\\/09\\\/04\\\/ainda-brumadinho\\\/\"},\"wordCount\":201,\"commentCount\":0,\"publisher\":{\"@id\":\"https:\\\/\\\/www.wrebello.adv.br\\\/#organization\"},\"image\":{\"@id\":\"https:\\\/\\\/www.wrebello.adv.br\\\/index.php\\\/2023\\\/09\\\/04\\\/ainda-brumadinho\\\/#primaryimage\"},\"thumbnailUrl\":\"https:\\\/\\\/i0.wp.com\\\/www.wrebello.adv.br\\\/wp-content\\\/uploads\\\/2023\\\/09\\\/Brumadinho-Ainda.png?fit=1536%2C1024&ssl=1\",\"keywords\":[\"Brumadinho\",\"Reflex\u00e3o\"],\"inLanguage\":\"pt-BR\",\"potentialAction\":[{\"@type\":\"CommentAction\",\"name\":\"Comment\",\"target\":[\"https:\\\/\\\/www.wrebello.adv.br\\\/index.php\\\/2023\\\/09\\\/04\\\/ainda-brumadinho\\\/#respond\"]}]},{\"@type\":\"WebPage\",\"@id\":\"https:\\\/\\\/www.wrebello.adv.br\\\/index.php\\\/2023\\\/09\\\/04\\\/ainda-brumadinho\\\/\",\"url\":\"https:\\\/\\\/www.wrebello.adv.br\\\/index.php\\\/2023\\\/09\\\/04\\\/ainda-brumadinho\\\/\",\"name\":\"Ainda Brumadinho - WRF Advogados\",\"isPartOf\":{\"@id\":\"https:\\\/\\\/www.wrebello.adv.br\\\/#website\"},\"primaryImageOfPage\":{\"@id\":\"https:\\\/\\\/www.wrebello.adv.br\\\/index.php\\\/2023\\\/09\\\/04\\\/ainda-brumadinho\\\/#primaryimage\"},\"image\":{\"@id\":\"https:\\\/\\\/www.wrebello.adv.br\\\/index.php\\\/2023\\\/09\\\/04\\\/ainda-brumadinho\\\/#primaryimage\"},\"thumbnailUrl\":\"https:\\\/\\\/i0.wp.com\\\/www.wrebello.adv.br\\\/wp-content\\\/uploads\\\/2023\\\/09\\\/Brumadinho-Ainda.png?fit=1536%2C1024&ssl=1\",\"datePublished\":\"2023-09-05T00:30:00+00:00\",\"dateModified\":\"2026-04-01T14:06:38+00:00\",\"breadcrumb\":{\"@id\":\"https:\\\/\\\/www.wrebello.adv.br\\\/index.php\\\/2023\\\/09\\\/04\\\/ainda-brumadinho\\\/#breadcrumb\"},\"inLanguage\":\"pt-BR\",\"potentialAction\":[{\"@type\":\"ReadAction\",\"target\":[\"https:\\\/\\\/www.wrebello.adv.br\\\/index.php\\\/2023\\\/09\\\/04\\\/ainda-brumadinho\\\/\"]}]},{\"@type\":\"ImageObject\",\"inLanguage\":\"pt-BR\",\"@id\":\"https:\\\/\\\/www.wrebello.adv.br\\\/index.php\\\/2023\\\/09\\\/04\\\/ainda-brumadinho\\\/#primaryimage\",\"url\":\"https:\\\/\\\/i0.wp.com\\\/www.wrebello.adv.br\\\/wp-content\\\/uploads\\\/2023\\\/09\\\/Brumadinho-Ainda.png?fit=1536%2C1024&ssl=1\",\"contentUrl\":\"https:\\\/\\\/i0.wp.com\\\/www.wrebello.adv.br\\\/wp-content\\\/uploads\\\/2023\\\/09\\\/Brumadinho-Ainda.png?fit=1536%2C1024&ssl=1\",\"width\":1536,\"height\":1024},{\"@type\":\"BreadcrumbList\",\"@id\":\"https:\\\/\\\/www.wrebello.adv.br\\\/index.php\\\/2023\\\/09\\\/04\\\/ainda-brumadinho\\\/#breadcrumb\",\"itemListElement\":[{\"@type\":\"ListItem\",\"position\":1,\"name\":\"In\u00edcio\",\"item\":\"https:\\\/\\\/www.wrebello.adv.br\\\/\"},{\"@type\":\"ListItem\",\"position\":2,\"name\":\"Ainda Brumadinho\"}]},{\"@type\":\"WebSite\",\"@id\":\"https:\\\/\\\/www.wrebello.adv.br\\\/#website\",\"url\":\"https:\\\/\\\/www.wrebello.adv.br\\\/\",\"name\":\"WRF Advogados\",\"description\":\"O Escrit\u00f3rio Wanderley Rebello Filho &amp; Advogados tem experi\u00eancia tanto na \u00e1rea contenciosa, quanto na consultiva.\",\"publisher\":{\"@id\":\"https:\\\/\\\/www.wrebello.adv.br\\\/#organization\"},\"potentialAction\":[{\"@type\":\"SearchAction\",\"target\":{\"@type\":\"EntryPoint\",\"urlTemplate\":\"https:\\\/\\\/www.wrebello.adv.br\\\/?s={search_term_string}\"},\"query-input\":{\"@type\":\"PropertyValueSpecification\",\"valueRequired\":true,\"valueName\":\"search_term_string\"}}],\"inLanguage\":\"pt-BR\"},{\"@type\":\"Organization\",\"@id\":\"https:\\\/\\\/www.wrebello.adv.br\\\/#organization\",\"name\":\"WRF Advogados\",\"url\":\"https:\\\/\\\/www.wrebello.adv.br\\\/\",\"logo\":{\"@type\":\"ImageObject\",\"inLanguage\":\"pt-BR\",\"@id\":\"https:\\\/\\\/www.wrebello.adv.br\\\/#\\\/schema\\\/logo\\\/image\\\/\",\"url\":\"https:\\\/\\\/i0.wp.com\\\/www.wrebello.adv.br\\\/wp-content\\\/uploads\\\/2023\\\/08\\\/Logo-WRF.png?fit=971%2C285&ssl=1\",\"contentUrl\":\"https:\\\/\\\/i0.wp.com\\\/www.wrebello.adv.br\\\/wp-content\\\/uploads\\\/2023\\\/08\\\/Logo-WRF.png?fit=971%2C285&ssl=1\",\"width\":971,\"height\":285,\"caption\":\"WRF Advogados\"},\"image\":{\"@id\":\"https:\\\/\\\/www.wrebello.adv.br\\\/#\\\/schema\\\/logo\\\/image\\\/\"}},{\"@type\":\"Person\",\"@id\":\"https:\\\/\\\/www.wrebello.adv.br\\\/#\\\/schema\\\/person\\\/1354a1233f528dee48d7c75916285c15\",\"name\":\"Advogado\",\"image\":{\"@type\":\"ImageObject\",\"inLanguage\":\"pt-BR\",\"@id\":\"https:\\\/\\\/secure.gravatar.com\\\/avatar\\\/1c96e99cc473b8d15e1cc00dd69110fa12331489c72dc34679dc6cfae0019038?s=96&d=mm&r=g\",\"url\":\"https:\\\/\\\/secure.gravatar.com\\\/avatar\\\/1c96e99cc473b8d15e1cc00dd69110fa12331489c72dc34679dc6cfae0019038?s=96&d=mm&r=g\",\"contentUrl\":\"https:\\\/\\\/secure.gravatar.com\\\/avatar\\\/1c96e99cc473b8d15e1cc00dd69110fa12331489c72dc34679dc6cfae0019038?s=96&d=mm&r=g\",\"caption\":\"Advogado\"},\"sameAs\":[\"https:\\\/\\\/www.artifices.com.br\\\/wrebello\"],\"url\":\"https:\\\/\\\/www.wrebello.adv.br\\\/index.php\\\/author\\\/advogado\\\/\"}]}<\/script>\n<!-- \/ Yoast SEO plugin. -->","yoast_head_json":{"title":"Ainda Brumadinho - WRF Advogados","robots":{"index":"index","follow":"follow","max-snippet":"max-snippet:-1","max-image-preview":"max-image-preview:large","max-video-preview":"max-video-preview:-1"},"canonical":"https:\/\/www.wrebello.adv.br\/index.php\/2023\/09\/04\/ainda-brumadinho\/","og_locale":"pt_BR","og_type":"article","og_title":"Ainda Brumadinho - WRF Advogados","og_description":"Uma reflex\u00e3o sobre a trag\u00e9dia no munic\u00edpio de Minas Gerais","og_url":"https:\/\/www.wrebello.adv.br\/index.php\/2023\/09\/04\/ainda-brumadinho\/","og_site_name":"WRF Advogados","article_published_time":"2023-09-05T00:30:00+00:00","article_modified_time":"2026-04-01T14:06:38+00:00","og_image":[{"width":1024,"height":683,"url":"https:\/\/www.wrebello.adv.br\/wp-content\/uploads\/2023\/09\/Brumadinho-Ainda-1024x683.png","type":"image\/png"}],"author":"Advogado","twitter_card":"summary_large_image","twitter_misc":{"Escrito por":"Advogado","Est. tempo de leitura":"2 minutos"},"schema":{"@context":"https:\/\/schema.org","@graph":[{"@type":"Article","@id":"https:\/\/www.wrebello.adv.br\/index.php\/2023\/09\/04\/ainda-brumadinho\/#article","isPartOf":{"@id":"https:\/\/www.wrebello.adv.br\/index.php\/2023\/09\/04\/ainda-brumadinho\/"},"author":{"name":"Advogado","@id":"https:\/\/www.wrebello.adv.br\/#\/schema\/person\/1354a1233f528dee48d7c75916285c15"},"headline":"Ainda Brumadinho","datePublished":"2023-09-05T00:30:00+00:00","dateModified":"2026-04-01T14:06:38+00:00","mainEntityOfPage":{"@id":"https:\/\/www.wrebello.adv.br\/index.php\/2023\/09\/04\/ainda-brumadinho\/"},"wordCount":201,"commentCount":0,"publisher":{"@id":"https:\/\/www.wrebello.adv.br\/#organization"},"image":{"@id":"https:\/\/www.wrebello.adv.br\/index.php\/2023\/09\/04\/ainda-brumadinho\/#primaryimage"},"thumbnailUrl":"https:\/\/i0.wp.com\/www.wrebello.adv.br\/wp-content\/uploads\/2023\/09\/Brumadinho-Ainda.png?fit=1536%2C1024&ssl=1","keywords":["Brumadinho","Reflex\u00e3o"],"inLanguage":"pt-BR","potentialAction":[{"@type":"CommentAction","name":"Comment","target":["https:\/\/www.wrebello.adv.br\/index.php\/2023\/09\/04\/ainda-brumadinho\/#respond"]}]},{"@type":"WebPage","@id":"https:\/\/www.wrebello.adv.br\/index.php\/2023\/09\/04\/ainda-brumadinho\/","url":"https:\/\/www.wrebello.adv.br\/index.php\/2023\/09\/04\/ainda-brumadinho\/","name":"Ainda Brumadinho - WRF Advogados","isPartOf":{"@id":"https:\/\/www.wrebello.adv.br\/#website"},"primaryImageOfPage":{"@id":"https:\/\/www.wrebello.adv.br\/index.php\/2023\/09\/04\/ainda-brumadinho\/#primaryimage"},"image":{"@id":"https:\/\/www.wrebello.adv.br\/index.php\/2023\/09\/04\/ainda-brumadinho\/#primaryimage"},"thumbnailUrl":"https:\/\/i0.wp.com\/www.wrebello.adv.br\/wp-content\/uploads\/2023\/09\/Brumadinho-Ainda.png?fit=1536%2C1024&ssl=1","datePublished":"2023-09-05T00:30:00+00:00","dateModified":"2026-04-01T14:06:38+00:00","breadcrumb":{"@id":"https:\/\/www.wrebello.adv.br\/index.php\/2023\/09\/04\/ainda-brumadinho\/#breadcrumb"},"inLanguage":"pt-BR","potentialAction":[{"@type":"ReadAction","target":["https:\/\/www.wrebello.adv.br\/index.php\/2023\/09\/04\/ainda-brumadinho\/"]}]},{"@type":"ImageObject","inLanguage":"pt-BR","@id":"https:\/\/www.wrebello.adv.br\/index.php\/2023\/09\/04\/ainda-brumadinho\/#primaryimage","url":"https:\/\/i0.wp.com\/www.wrebello.adv.br\/wp-content\/uploads\/2023\/09\/Brumadinho-Ainda.png?fit=1536%2C1024&ssl=1","contentUrl":"https:\/\/i0.wp.com\/www.wrebello.adv.br\/wp-content\/uploads\/2023\/09\/Brumadinho-Ainda.png?fit=1536%2C1024&ssl=1","width":1536,"height":1024},{"@type":"BreadcrumbList","@id":"https:\/\/www.wrebello.adv.br\/index.php\/2023\/09\/04\/ainda-brumadinho\/#breadcrumb","itemListElement":[{"@type":"ListItem","position":1,"name":"In\u00edcio","item":"https:\/\/www.wrebello.adv.br\/"},{"@type":"ListItem","position":2,"name":"Ainda Brumadinho"}]},{"@type":"WebSite","@id":"https:\/\/www.wrebello.adv.br\/#website","url":"https:\/\/www.wrebello.adv.br\/","name":"WRF Advogados","description":"O Escrit\u00f3rio Wanderley Rebello Filho &amp; Advogados tem experi\u00eancia tanto na \u00e1rea contenciosa, quanto na consultiva.","publisher":{"@id":"https:\/\/www.wrebello.adv.br\/#organization"},"potentialAction":[{"@type":"SearchAction","target":{"@type":"EntryPoint","urlTemplate":"https:\/\/www.wrebello.adv.br\/?s={search_term_string}"},"query-input":{"@type":"PropertyValueSpecification","valueRequired":true,"valueName":"search_term_string"}}],"inLanguage":"pt-BR"},{"@type":"Organization","@id":"https:\/\/www.wrebello.adv.br\/#organization","name":"WRF Advogados","url":"https:\/\/www.wrebello.adv.br\/","logo":{"@type":"ImageObject","inLanguage":"pt-BR","@id":"https:\/\/www.wrebello.adv.br\/#\/schema\/logo\/image\/","url":"https:\/\/i0.wp.com\/www.wrebello.adv.br\/wp-content\/uploads\/2023\/08\/Logo-WRF.png?fit=971%2C285&ssl=1","contentUrl":"https:\/\/i0.wp.com\/www.wrebello.adv.br\/wp-content\/uploads\/2023\/08\/Logo-WRF.png?fit=971%2C285&ssl=1","width":971,"height":285,"caption":"WRF Advogados"},"image":{"@id":"https:\/\/www.wrebello.adv.br\/#\/schema\/logo\/image\/"}},{"@type":"Person","@id":"https:\/\/www.wrebello.adv.br\/#\/schema\/person\/1354a1233f528dee48d7c75916285c15","name":"Advogado","image":{"@type":"ImageObject","inLanguage":"pt-BR","@id":"https:\/\/secure.gravatar.com\/avatar\/1c96e99cc473b8d15e1cc00dd69110fa12331489c72dc34679dc6cfae0019038?s=96&d=mm&r=g","url":"https:\/\/secure.gravatar.com\/avatar\/1c96e99cc473b8d15e1cc00dd69110fa12331489c72dc34679dc6cfae0019038?s=96&d=mm&r=g","contentUrl":"https:\/\/secure.gravatar.com\/avatar\/1c96e99cc473b8d15e1cc00dd69110fa12331489c72dc34679dc6cfae0019038?s=96&d=mm&r=g","caption":"Advogado"},"sameAs":["https:\/\/www.artifices.com.br\/wrebello"],"url":"https:\/\/www.wrebello.adv.br\/index.php\/author\/advogado\/"}]}},"jetpack_featured_media_url":"https:\/\/i0.wp.com\/www.wrebello.adv.br\/wp-content\/uploads\/2023\/09\/Brumadinho-Ainda.png?fit=1536%2C1024&ssl=1","jetpack-related-posts":[],"jetpack_sharing_enabled":true,"_links":{"self":[{"href":"https:\/\/www.wrebello.adv.br\/index.php\/wp-json\/wp\/v2\/posts\/99","targetHints":{"allow":["GET"]}}],"collection":[{"href":"https:\/\/www.wrebello.adv.br\/index.php\/wp-json\/wp\/v2\/posts"}],"about":[{"href":"https:\/\/www.wrebello.adv.br\/index.php\/wp-json\/wp\/v2\/types\/post"}],"author":[{"embeddable":true,"href":"https:\/\/www.wrebello.adv.br\/index.php\/wp-json\/wp\/v2\/users\/1"}],"replies":[{"embeddable":true,"href":"https:\/\/www.wrebello.adv.br\/index.php\/wp-json\/wp\/v2\/comments?post=99"}],"version-history":[{"count":5,"href":"https:\/\/www.wrebello.adv.br\/index.php\/wp-json\/wp\/v2\/posts\/99\/revisions"}],"predecessor-version":[{"id":416,"href":"https:\/\/www.wrebello.adv.br\/index.php\/wp-json\/wp\/v2\/posts\/99\/revisions\/416"}],"wp:featuredmedia":[{"embeddable":true,"href":"https:\/\/www.wrebello.adv.br\/index.php\/wp-json\/wp\/v2\/media\/415"}],"wp:attachment":[{"href":"https:\/\/www.wrebello.adv.br\/index.php\/wp-json\/wp\/v2\/media?parent=99"}],"wp:term":[{"taxonomy":"category","embeddable":true,"href":"https:\/\/www.wrebello.adv.br\/index.php\/wp-json\/wp\/v2\/categories?post=99"},{"taxonomy":"post_tag","embeddable":true,"href":"https:\/\/www.wrebello.adv.br\/index.php\/wp-json\/wp\/v2\/tags?post=99"}],"curies":[{"name":"wp","href":"https:\/\/api.w.org\/{rel}","templated":true}]}}